{"id":162364,"date":"2022-07-20T10:00:00","date_gmt":"2022-07-20T08:00:00","guid":{"rendered":"http:\/\/www.tucomarca.com\/wordpress\/segunda\/?p=162364"},"modified":"2022-07-20T14:04:45","modified_gmt":"2022-07-20T12:04:45","slug":"trenta-persones-gaudeixen-duna-travessia-nocturna-sota-la-lluna-plena-organitzada-per-la-regidoria-de-medi-ambient","status":"publish","type":"post","link":"https:\/\/www.tucomarca.com\/wordpress\/segunda\/ca\/trenta-persones-gaudeixen-duna-travessia-nocturna-sota-la-lluna-plena-organitzada-per-la-regidoria-de-medi-ambient\/","title":{"rendered":"Trenta persones gaudeixen d&#8217;una travessia nocturna sota la lluna plena organitzada per la regidoria de Medi Ambient"},"content":{"rendered":"\n<p>Dijous passat, 14 de juliol, la regidoria de Medi Ambient va organitzar una travessia nocturna de 6,2 km per a donar a con\u00e9ixer l&#8217;entorn de la C\u00e1rcama. Van participar en l&#8217;expedici\u00f3 30 persones, guiades per experts de l&#8217;empresa Turamiza i per l&#8217;educadora ambiental de l&#8217;Ajuntament, Sandra Fraile, els qui van explicar les caracter\u00edstiques del terreny, la fauna i flora aut\u00f2ctona i altres peculiaritats del cam\u00ed, com la pres\u00e8ncia d&#8217;estructures constru\u00efdes mitjan\u00e7ant la t\u00e8cnica de pedra en sec. A m\u00e9s, van acompanyar als i les senderistes un grup de persones volunt\u00e0ries de Protecci\u00f3 Civil, arribant aix\u00ed a sumar 40 caminantes.&nbsp;<br>\u201cAmb aquesta mena d&#8217;activitats volem potenciar l&#8217;\u00fas de les senderes del nostre municipi. Des de la regidoria de Medi Ambient hem condicionat diversos d&#8217;ells i hem dut a terme treballs de senyalitzaci\u00f3 perqu\u00e8 siguen m\u00e9s accessibles. El nostre projecte contempla continuar condicionant aquest tipus de camins que poden rec\u00f3rrer-se fent senderisme, com \u00e9s el cas del cam\u00ed de l&#8217;Aguilar o el de la C\u00e1rcama\u201d, explica el regidor, David Pujals. \u201cEn la ruta del passat dijous vam gaudir d&#8217;unes vistes meravelloses, gr\u00e0cies a la llum de la lluna plena en un cel buidat. A m\u00e9s, practiquem la marxa n\u00f2rdica, ja que va caldre pujar amb l&#8217;ajuda de pals. La nostra idea \u00e9s continuar programant aquest tipus d&#8217;eixides, no sols destinades a persones adultes, sin\u00f3 tamb\u00e9 per a realitzar-les en fam\u00edlia o amb animals de companyia\u201d.<br>La travessia es va desenvolupar al llarg de 3 hores i mitja, incloent-hi el temps de parada per a sopar, i va passar per la senda del Ganivet fins a arribar a la caseta forestal, per a baixar despr\u00e9s fins a la C\u00e1rcama. \u201cLa gent va quedar molt satisfeta d&#8217;haver viscut aquesta experi\u00e8ncia senderista nocturna i ens va traslladar les seues ganes de realitzar noves rutes. Per part de l&#8217;organitzaci\u00f3 agra\u00efm el bon acolliment de l&#8217;activitat, aix\u00ed com la col\u00b7laboraci\u00f3 de Protecci\u00f3 Civil per a dur-la a terme\u201d, apunta Pujals.<\/p>\n\n\n\n<figure class=\"wp-block-gallery columns-2 is-cropped wp-block-gallery-1 is-layout-flex wp-block-gallery-is-layout-flex\"><ul class=\"blocks-gallery-grid\"><li class=\"blocks-gallery-item\"><figure><img loading=\"lazy\" decoding=\"async\" width=\"1024\" height=\"768\" src=\"http:\/\/www.tucomarca.com\/wordpress\/segunda\/wp-content\/uploads\/2022\/07\/Cheste_Travesia-nocturna_1-1024x768.jpg\" alt=\"\" data-id=\"162357\" data-full-url=\"http:\/\/www.tucomarca.com\/wordpress\/segunda\/wp-content\/uploads\/2022\/07\/Cheste_Travesia-nocturna_1.jpg\" data-link=\"http:\/\/www.tucomarca.com\/wordpress\/segunda\/?attachment_id=162357\" class=\"wp-image-162357\" srcset=\"https:\/\/www.tucomarca.com\/wordpress\/segunda\/wp-content\/uploads\/2022\/07\/Cheste_Travesia-nocturna_1-1024x768.jpg 1024w, https:\/\/www.tucomarca.com\/wordpress\/segunda\/wp-content\/uploads\/2022\/07\/Cheste_Travesia-nocturna_1-300x225.jpg 300w, https:\/\/www.tucomarca.com\/wordpress\/segunda\/wp-content\/uploads\/2022\/07\/Cheste_Travesia-nocturna_1-768x576.jpg 768w, https:\/\/www.tucomarca.com\/wordpress\/segunda\/wp-content\/uploads\/2022\/07\/Cheste_Travesia-nocturna_1-678x509.jpg 678w, https:\/\/www.tucomarca.com\/wordpress\/segunda\/wp-content\/uploads\/2022\/07\/Cheste_Travesia-nocturna_1-326x245.jpg 326w, https:\/\/www.tucomarca.com\/wordpress\/segunda\/wp-content\/uploads\/2022\/07\/Cheste_Travesia-nocturna_1-80x60.jpg 80w, https:\/\/www.tucomarca.com\/wordpress\/segunda\/wp-content\/uploads\/2022\/07\/Cheste_Travesia-nocturna_1.jpg 1181w\" sizes=\"auto, (max-width: 1024px) 100vw, 1024px\" \/><\/figure><\/li><li class=\"blocks-gallery-item\"><figure><img loading=\"lazy\" decoding=\"async\" width=\"1024\" height=\"768\" src=\"http:\/\/www.tucomarca.com\/wordpress\/segunda\/wp-content\/uploads\/2022\/07\/Cheste_Travesia-nocturna_3-1024x768.jpg\" alt=\"\" data-id=\"162359\" data-full-url=\"http:\/\/www.tucomarca.com\/wordpress\/segunda\/wp-content\/uploads\/2022\/07\/Cheste_Travesia-nocturna_3.jpg\" data-link=\"http:\/\/www.tucomarca.com\/wordpress\/segunda\/?attachment_id=162359\" class=\"wp-image-162359\" srcset=\"https:\/\/www.tucomarca.com\/wordpress\/segunda\/wp-content\/uploads\/2022\/07\/Cheste_Travesia-nocturna_3-1024x768.jpg 1024w, https:\/\/www.tucomarca.com\/wordpress\/segunda\/wp-content\/uploads\/2022\/07\/Cheste_Travesia-nocturna_3-300x225.jpg 300w, https:\/\/www.tucomarca.com\/wordpress\/segunda\/wp-content\/uploads\/2022\/07\/Cheste_Travesia-nocturna_3-768x576.jpg 768w, https:\/\/www.tucomarca.com\/wordpress\/segunda\/wp-content\/uploads\/2022\/07\/Cheste_Travesia-nocturna_3-678x509.jpg 678w, https:\/\/www.tucomarca.com\/wordpress\/segunda\/wp-content\/uploads\/2022\/07\/Cheste_Travesia-nocturna_3-326x245.jpg 326w, https:\/\/www.tucomarca.com\/wordpress\/segunda\/wp-content\/uploads\/2022\/07\/Cheste_Travesia-nocturna_3-80x60.jpg 80w, https:\/\/www.tucomarca.com\/wordpress\/segunda\/wp-content\/uploads\/2022\/07\/Cheste_Travesia-nocturna_3.jpg 1181w\" sizes=\"auto, (max-width: 1024px) 100vw, 1024px\" \/><\/figure><\/li><\/ul><\/figure>\n","protected":false},"excerpt":{"rendered":"<div class=\"mh-excerpt\">Dijous passat, 14 de juliol, la regidoria de Medi Ambient va organitzar una travessia nocturna de 6,2 km per a donar a con\u00e9ixer l&#8217;entorn de la C\u00e1rcama. Van participar en l&#8217;expedici\u00f3 30 persones, guiades per <a class=\"mh-excerpt-more\" href=\"https:\/\/www.tucomarca.com\/wordpress\/segunda\/ca\/trenta-persones-gaudeixen-duna-travessia-nocturna-sota-la-lluna-plena-organitzada-per-la-regidoria-de-medi-ambient\/\" title=\"Trenta persones gaudeixen d&#8217;una travessia nocturna sota la lluna plena organitzada per la regidoria de Medi Ambient\">[+] <\/a><\/div>\n","protected":false},"author":12,"featured_media":162362,"comment_status":"open","ping_status":"open","sticky":false,"template":"","format":"image","meta":{"footnotes":""},"categories":[10948,10894,10912,10903,10896,10974],"tags":[11071,10914,12166,17552],"class_list":{"0":"post-162364","1":"post","2":"type-post","3":"status-publish","4":"format-image","5":"has-post-thumbnail","7":"category-infraestructuras-ca","8":"category-la-comarca-ca","9":"category-la-hoya-ca","10":"category-medio-ambiente-la-comarca-ca","11":"category-seccion-ca","12":"category-cheste-ca","13":"tag-cheste","14":"tag-la-hoya-de-bunol-chiva-ca","15":"tag-medio-ambiente-ca","16":"tag-travesia-nocturna-ca","17":"post_format-post-format-image"},"_links":{"self":[{"href":"https:\/\/www.tucomarca.com\/wordpress\/segunda\/ca\/wp-json\/wp\/v2\/posts\/162364","targetHints":{"allow":["GET"]}}],"collection":[{"href":"https:\/\/www.tucomarca.com\/wordpress\/segunda\/ca\/wp-json\/wp\/v2\/posts"}],"about":[{"href":"https:\/\/www.tucomarca.com\/wordpress\/segunda\/ca\/wp-json\/wp\/v2\/types\/post"}],"author":[{"embeddable":true,"href":"https:\/\/www.tucomarca.com\/wordpress\/segunda\/ca\/wp-json\/wp\/v2\/users\/12"}],"replies":[{"embeddable":true,"href":"https:\/\/www.tucomarca.com\/wordpress\/segunda\/ca\/wp-json\/wp\/v2\/comments?post=162364"}],"version-history":[{"count":0,"href":"https:\/\/www.tucomarca.com\/wordpress\/segunda\/ca\/wp-json\/wp\/v2\/posts\/162364\/revisions"}],"wp:featuredmedia":[{"embeddable":true,"href":"https:\/\/www.tucomarca.com\/wordpress\/segunda\/ca\/wp-json\/wp\/v2\/media\/162362"}],"wp:attachment":[{"href":"https:\/\/www.tucomarca.com\/wordpress\/segunda\/ca\/wp-json\/wp\/v2\/media?parent=162364"}],"wp:term":[{"taxonomy":"category","embeddable":true,"href":"https:\/\/www.tucomarca.com\/wordpress\/segunda\/ca\/wp-json\/wp\/v2\/categories?post=162364"},{"taxonomy":"post_tag","embeddable":true,"href":"https:\/\/www.tucomarca.com\/wordpress\/segunda\/ca\/wp-json\/wp\/v2\/tags?post=162364"}],"curies":[{"name":"wp","href":"https:\/\/api.w.org\/{rel}","templated":true}]}}