{"id":162463,"date":"2022-07-22T12:00:00","date_gmt":"2022-07-22T10:00:00","guid":{"rendered":"http:\/\/www.tucomarca.com\/wordpress\/segunda\/?p=162463"},"modified":"2022-07-22T14:46:11","modified_gmt":"2022-07-22T12:46:11","slug":"la-diputacio-destina-35-000-euros-a-projectes-contra-la-violencia-de-genere-en-el-camp-de-turia-la-serrania-i-el-rincon-de-ademuz","status":"publish","type":"post","link":"https:\/\/www.tucomarca.com\/wordpress\/segunda\/ca\/la-diputacio-destina-35-000-euros-a-projectes-contra-la-violencia-de-genere-en-el-camp-de-turia-la-serrania-i-el-rincon-de-ademuz\/","title":{"rendered":"La Diputaci\u00f3 destina 35.000 euros a projectes contra la viol\u00e8ncia de g\u00e8nere en el Camp de T\u00faria, la Serran\u00eda i el Rinc\u00f3n de Ademuz"},"content":{"rendered":"\n<p><strong><strong>Sis ajuntaments del Camp de T\u00faria, dos de la Serran\u00eda i un del Rinc\u00f3n de Ademuz es repartiran estes ajudes per a pobles adherits a la Xarxa provincial<\/strong><\/strong><\/p>\n\n\n\n<p><strong><strong>Amb esta l\u00ednia se subvencionen projectes de formaci\u00f3 en igualtat, prevenci\u00f3 i detecci\u00f3 de la viol\u00e8ncia de g\u00e8nere, comunicaci\u00f3 no sexista, visibilitzaci\u00f3 de la dona i igualtat entre l&#8217;alumnat<\/strong><\/strong><\/p>\n\n\n\n<p>El Camp de T\u00faria, la Serran\u00eda i el Rinc\u00f3n de Ademuz rebran entre les tres comarques una mica m\u00e9s de 35.000 euros per a posar en marxa projectes de sensibilitzaci\u00f3 i formaci\u00f3 contra la viol\u00e8ncia de g\u00e8nere, en el marc de les ajudes que anualment concedix l&#8217;\u00e0rea d&#8217;Igualtat de la Diputaci\u00f3 de Val\u00e8ncia als municipis adherits a la seua Xarxa de protecci\u00f3 contra la viol\u00e8ncia masclista. El Camp de T\u00faria disposar\u00e0 d&#8217;una mica m\u00e9s de 25.600 euros que es repartiran sis ajuntaments; a la Serran\u00edali corresponen 5.700 euros per a Chelva i Villar del Arzobispo; i al Rinc\u00f3n de Ademuz 3.800 euros per a Ademuz.<\/p>\n\n\n\n<p>Les sol\u00b7licituds aprovades al Camp de T\u00faria han sigut les de Benaguasil, Casinos, l\u2019Eliana, la Pobla de Vallbona, Riba-roja de T\u00faria i Vilamarxant.<\/p>\n\n\n\n<p>La Diputaci\u00f3 ha aprovat la llista definitiva de subvencions d\u2019enguany per a ajuntaments adherits a la seua Xarxa de Municipis Protegits contra la Viol\u00e8ncia de G\u00e8nere, impulsada per l&#8217;\u00e0rea d&#8217;Igualtat de la corporaci\u00f3 provincial. En total, 418.000 euros que es repartiran entre 92 municipis de les 15 comarques valencianes, i que oscil\u00b7len entre els 800 euros de la Font de la Figuera i els m\u00e9s d\u201911.000 que rebr\u00e0 Alzira.<\/p>\n\n\n\n<p><strong>La millor resposta possible<\/strong><\/p>\n\n\n\n<p>La responsable de la delegaci\u00f3 provincial d&#8217;Igualtat, Eli Garc\u00eda, explica que estes ajudes \u201cpermeten als ajuntaments posar en marxa programes que incidixen en la prevenci\u00f3 i la formaci\u00f3 per a fer front a la viol\u00e8ncia contra les dones, al mateix temps que reforcen l&#8217;intercanvi d&#8217;experi\u00e8ncies i el treball en xarxa que proposa la Diputaci\u00f3 amb la finalitat de donar la millor resposta possible contra la xacra masclista\u201d.<\/p>\n\n\n\n<p>Entre les sol\u00b7licituds admeses per l&#8217;equip d&#8217;expertes i el personal t\u00e8cnic de l&#8217;\u00e0rea d&#8217;Igualtat destaquen els projectes formatius en mat\u00e8ria d&#8217;igualtat i de detecci\u00f3 de conductes violentes contra les dones; programes educatius de foment d&#8217;una comunicaci\u00f3 basada en la visibilitat de la dona; tallers per a incentivar la igualtat entre l&#8217;alumnat de centres escolars; protocols i eines per al personal t\u00e8cnic i pol\u00edtic contra la viol\u00e8ncia de g\u00e8nere; i fins a una gimcana coeducativa que a Alaqu\u00e0s han batejat com \u2018Doy la chapa por la igualdad\u2019.<\/p>\n\n\n\n<p>La Xarxa de Municipis Protegits contra la Viol\u00e8ncia de G\u00e8nere de la Diputaci\u00f3 de Val\u00e8ncia es va crear al novembre de 2018 amb mig centenar de membres fundadors. En l&#8217;actualitat compta amb 144 municipis adherits, m\u00e9s de la mitat dels ajuntaments de la prov\u00edncia.<\/p>\n\n\n\n<figure class=\"wp-block-gallery columns-3 is-cropped wp-block-gallery-1 is-layout-flex wp-block-gallery-is-layout-flex\"><ul class=\"blocks-gallery-grid\"><li class=\"blocks-gallery-item\"><figure><img loading=\"lazy\" decoding=\"async\" width=\"1024\" height=\"665\" src=\"http:\/\/www.tucomarca.com\/wordpress\/segunda\/wp-content\/uploads\/2022\/07\/10_Camp-de-turia1_San-Antonio-Benageber-1-1024x665.jpg\" alt=\"\" data-id=\"162456\" data-link=\"https:\/\/www.tucomarca.com\/wordpress\/segunda\/?attachment_id=162456\" class=\"wp-image-162456\" srcset=\"https:\/\/www.tucomarca.com\/wordpress\/segunda\/wp-content\/uploads\/2022\/07\/10_Camp-de-turia1_San-Antonio-Benageber-1-1024x665.jpg 1024w, https:\/\/www.tucomarca.com\/wordpress\/segunda\/wp-content\/uploads\/2022\/07\/10_Camp-de-turia1_San-Antonio-Benageber-1-300x195.jpg 300w, https:\/\/www.tucomarca.com\/wordpress\/segunda\/wp-content\/uploads\/2022\/07\/10_Camp-de-turia1_San-Antonio-Benageber-1-768x499.jpg 768w, https:\/\/www.tucomarca.com\/wordpress\/segunda\/wp-content\/uploads\/2022\/07\/10_Camp-de-turia1_San-Antonio-Benageber-1-1536x998.jpg 1536w, https:\/\/www.tucomarca.com\/wordpress\/segunda\/wp-content\/uploads\/2022\/07\/10_Camp-de-turia1_San-Antonio-Benageber-1-2048x1331.jpg 2048w\" sizes=\"auto, (max-width: 1024px) 100vw, 1024px\" \/><\/figure><\/li><li class=\"blocks-gallery-item\"><figure><img loading=\"lazy\" decoding=\"async\" width=\"1024\" height=\"665\" src=\"http:\/\/www.tucomarca.com\/wordpress\/segunda\/wp-content\/uploads\/2022\/07\/10_Camp-de-turia2-_Casinos-1024x665.jpg\" alt=\"\" data-id=\"162458\" data-link=\"https:\/\/www.tucomarca.com\/wordpress\/segunda\/?attachment_id=162458\" class=\"wp-image-162458\" srcset=\"https:\/\/www.tucomarca.com\/wordpress\/segunda\/wp-content\/uploads\/2022\/07\/10_Camp-de-turia2-_Casinos-1024x665.jpg 1024w, https:\/\/www.tucomarca.com\/wordpress\/segunda\/wp-content\/uploads\/2022\/07\/10_Camp-de-turia2-_Casinos-300x195.jpg 300w, https:\/\/www.tucomarca.com\/wordpress\/segunda\/wp-content\/uploads\/2022\/07\/10_Camp-de-turia2-_Casinos-768x499.jpg 768w, https:\/\/www.tucomarca.com\/wordpress\/segunda\/wp-content\/uploads\/2022\/07\/10_Camp-de-turia2-_Casinos-1536x998.jpg 1536w, https:\/\/www.tucomarca.com\/wordpress\/segunda\/wp-content\/uploads\/2022\/07\/10_Camp-de-turia2-_Casinos-2048x1331.jpg 2048w\" sizes=\"auto, (max-width: 1024px) 100vw, 1024px\" \/><\/figure><\/li><li class=\"blocks-gallery-item\"><figure><img loading=\"lazy\" decoding=\"async\" width=\"1024\" height=\"665\" src=\"http:\/\/www.tucomarca.com\/wordpress\/segunda\/wp-content\/uploads\/2022\/07\/6_La-Serrania-foto_Abulaila-2-1024x665.jpg\" alt=\"\" data-id=\"162460\" data-full-url=\"https:\/\/www.tucomarca.com\/wordpress\/segunda\/wp-content\/uploads\/2022\/07\/6_La-Serrania-foto_Abulaila-2.jpg\" data-link=\"https:\/\/www.tucomarca.com\/wordpress\/segunda\/?attachment_id=162460\" class=\"wp-image-162460\" srcset=\"https:\/\/www.tucomarca.com\/wordpress\/segunda\/wp-content\/uploads\/2022\/07\/6_La-Serrania-foto_Abulaila-2-1024x665.jpg 1024w, https:\/\/www.tucomarca.com\/wordpress\/segunda\/wp-content\/uploads\/2022\/07\/6_La-Serrania-foto_Abulaila-2-300x195.jpg 300w, https:\/\/www.tucomarca.com\/wordpress\/segunda\/wp-content\/uploads\/2022\/07\/6_La-Serrania-foto_Abulaila-2-768x499.jpg 768w, https:\/\/www.tucomarca.com\/wordpress\/segunda\/wp-content\/uploads\/2022\/07\/6_La-Serrania-foto_Abulaila-2-1536x998.jpg 1536w, https:\/\/www.tucomarca.com\/wordpress\/segunda\/wp-content\/uploads\/2022\/07\/6_La-Serrania-foto_Abulaila-2-2048x1331.jpg 2048w\" sizes=\"auto, (max-width: 1024px) 100vw, 1024px\" \/><\/figure><\/li><\/ul><\/figure>\n","protected":false},"excerpt":{"rendered":"<div class=\"mh-excerpt\">Sis ajuntaments del Camp de T\u00faria, dos de la Serran\u00eda i un del Rinc\u00f3n de Ademuz es repartiran estes ajudes per a pobles adherits a la Xarxa provincial Amb esta l\u00ednia se subvencionen projectes de <a class=\"mh-excerpt-more\" href=\"https:\/\/www.tucomarca.com\/wordpress\/segunda\/ca\/la-diputacio-destina-35-000-euros-a-projectes-contra-la-violencia-de-genere-en-el-camp-de-turia-la-serrania-i-el-rincon-de-ademuz\/\" title=\"La Diputaci\u00f3 destina 35.000 euros a projectes contra la viol\u00e8ncia de g\u00e8nere en el Camp de T\u00faria, la Serran\u00eda i el Rinc\u00f3n de Ademuz\">[+] <\/a><\/div>\n","protected":false},"author":13,"featured_media":162451,"comment_status":"open","ping_status":"open","sticky":false,"template":"","format":"standard","meta":{"footnotes":""},"categories":[10890,10926,10952,10892,10930,11039,11046,10898,10948,10915,10893,10947,10906,10927,11029],"tags":[11097,11136,10899,13925,11083,10916,17565,10907,13372,11064,11119],"class_list":{"0":"post-162463","1":"post","2":"type-post","3":"status-publish","4":"format-standard","5":"has-post-thumbnail","7":"category-ademus","8":"category-ademus-ca","9":"category-benaguasil-ca","10":"category-camp-de-turia-ca","11":"category-casinos-ca","12":"category-chelva-ca","13":"category-los-serranos-ca","14":"category-ventana-ca","15":"category-infraestructuras-ca","16":"category-la-pobla-ca","17":"category-leliana-ca","18":"category-politica","19":"category-riba-roja-ca","20":"category-vilamarxant-ca","21":"category-villar-del-arzobispo-ca","22":"tag-ademuz-ca","23":"tag-benaguasil-ca","24":"tag-camp-de-turia-ca","25":"tag-casinos-ca","26":"tag-chelva-ca","27":"tag-la-pobla-de-vallbona-ca","28":"tag-leliana-3-ca","29":"tag-riba-roja-del-turia-ca","30":"tag-rincon-ademuz-ca","31":"tag-villamarxant-ca","32":"tag-villar-del-arzobispo-ca"},"_links":{"self":[{"href":"https:\/\/www.tucomarca.com\/wordpress\/segunda\/ca\/wp-json\/wp\/v2\/posts\/162463","targetHints":{"allow":["GET"]}}],"collection":[{"href":"https:\/\/www.tucomarca.com\/wordpress\/segunda\/ca\/wp-json\/wp\/v2\/posts"}],"about":[{"href":"https:\/\/www.tucomarca.com\/wordpress\/segunda\/ca\/wp-json\/wp\/v2\/types\/post"}],"author":[{"embeddable":true,"href":"https:\/\/www.tucomarca.com\/wordpress\/segunda\/ca\/wp-json\/wp\/v2\/users\/13"}],"replies":[{"embeddable":true,"href":"https:\/\/www.tucomarca.com\/wordpress\/segunda\/ca\/wp-json\/wp\/v2\/comments?post=162463"}],"version-history":[{"count":0,"href":"https:\/\/www.tucomarca.com\/wordpress\/segunda\/ca\/wp-json\/wp\/v2\/posts\/162463\/revisions"}],"wp:featuredmedia":[{"embeddable":true,"href":"https:\/\/www.tucomarca.com\/wordpress\/segunda\/ca\/wp-json\/wp\/v2\/media\/162451"}],"wp:attachment":[{"href":"https:\/\/www.tucomarca.com\/wordpress\/segunda\/ca\/wp-json\/wp\/v2\/media?parent=162463"}],"wp:term":[{"taxonomy":"category","embeddable":true,"href":"https:\/\/www.tucomarca.com\/wordpress\/segunda\/ca\/wp-json\/wp\/v2\/categories?post=162463"},{"taxonomy":"post_tag","embeddable":true,"href":"https:\/\/www.tucomarca.com\/wordpress\/segunda\/ca\/wp-json\/wp\/v2\/tags?post=162463"}],"curies":[{"name":"wp","href":"https:\/\/api.w.org\/{rel}","templated":true}]}}