{"id":162485,"date":"2022-07-22T11:00:00","date_gmt":"2022-07-22T09:00:00","guid":{"rendered":"http:\/\/www.tucomarca.com\/wordpress\/segunda\/?p=162485"},"modified":"2022-07-22T14:51:40","modified_gmt":"2022-07-22T12:51:40","slug":"el-ple-aprova-per-unanimitat-el-pla-urba-dactuacio-municipal-de-xest","status":"publish","type":"post","link":"https:\/\/www.tucomarca.com\/wordpress\/segunda\/ca\/el-ple-aprova-per-unanimitat-el-pla-urba-dactuacio-municipal-de-xest\/","title":{"rendered":"El Ple aprova per unanimitat el Pla Urb\u00e0 d&#8217;Actuaci\u00f3 Municipal de Xest"},"content":{"rendered":"\n<p>Ahir, dijous 21 de juliol, el ple va celebrar una sessi\u00f3 extraordin\u00e0ria i urgent per a aprovar el Pla Urb\u00e0 d&#8217;Actuaci\u00f3 Municipal (PUAM), un document de car\u00e0cter estrat\u00e8gic local que defineix les l\u00ednies d&#8217;actuaci\u00f3 de cara a la realitzaci\u00f3 d&#8217;inversions en el municipi des de l&#8217;enfocament de l&#8217;Agenda Urbana Estatal i incorpora els objectius establits per l&#8217;Agenda 2030 en futures actuacions respecte a la realitzaci\u00f3 d&#8217;obres i la posada en marxa o millora de serveis en l&#8217;agenda urbana municipal.<\/p>\n\n\n\n<p>Tal com va explicar l&#8217;alcalde, Jos\u00e9 Morell, l&#8217;elaboraci\u00f3 del PUAM ha comportat diversos mesos de treball per part d&#8217;un equip t\u00e8cnic que ha recopilat informaci\u00f3 a trav\u00e9s de q\u00fcestionaris a la corporaci\u00f3 municipal, a persones expertes en els diferents temes a abordar i al personal t\u00e8cnic municipal. D&#8217;aquesta manera s&#8217;ha pogut realitzar un diagn\u00f2stic, s&#8217;han definit uns objectius i s&#8217;ha redactat un pla d&#8217;implementaci\u00f3 que integra les actuacions a realitzar, sobre la base dels objectius i reptes definits en el mateix document. \u201cEl PUAM cont\u00e9 un plantejament estrat\u00e8gic que servir\u00e0 de refer\u00e8ncia per a prendre de decisions, especialment quant a la sol\u00b7licitud i execuci\u00f3 de projectes subvencionats per altres administracions\u201d, apuntava Morell.<\/p>\n\n\n\n<p>Entre els reptes estrat\u00e8gics que contempla el pla s&#8217;inclou l&#8217;impuls d&#8217;una economia innovadora i diversificada orientada a l&#8217;ocupaci\u00f3, fomentant la ind\u00fastria agro-tecnol\u00f2gica, la col\u00b7laboraci\u00f3 entre ajuntament o altres entitats i centres formatius, la realitzaci\u00f3 d&#8217;accions per al tr\u00e0nsit cap a models de turisme sostenible i el desenvolupament de programes per a incentivar la contractaci\u00f3. Tamb\u00e9 s&#8217;integra en el PUAM la promoci\u00f3 de la sostenibilitat ambiental, mitjan\u00e7ant millores de l&#8217;efici\u00e8ncia energ\u00e8tica, de les infraestructures relacionades amb el subministrament i sanejament de l&#8217;aigua i l&#8217;aposta per infraestructures verdes i blaves; i la millora de la qualitat de vida i la cohesi\u00f3 social, posant en marxa accions que milloren els serveis municipals i consolidant els programes socials municipals, a m\u00e9s de fomentar h\u00e0bits de vida saludables. Com a \u00faltim repte, el pla recull garantir la qualitat de les dotacions i apostar per una mobilitat sostenible.<\/p>\n\n\n\n<p>El Ple va aprovar per unanimitat el Pla Urb\u00e0 d&#8217;Actuaci\u00f3 Municipal de Xest, de manera que passa a un per\u00edode d&#8217;exposici\u00f3 p\u00fablica durant 30 dies, obert a al\u00b7legacions, abans de la seua aprovaci\u00f3 definitiva.<\/p>\n","protected":false},"excerpt":{"rendered":"<div class=\"mh-excerpt\">Ahir, dijous 21 de juliol, el ple va celebrar una sessi\u00f3 extraordin\u00e0ria i urgent per a aprovar el Pla Urb\u00e0 d&#8217;Actuaci\u00f3 Municipal (PUAM), un document de car\u00e0cter estrat\u00e8gic local que defineix les l\u00ednies d&#8217;actuaci\u00f3 de <a class=\"mh-excerpt-more\" href=\"https:\/\/www.tucomarca.com\/wordpress\/segunda\/ca\/el-ple-aprova-per-unanimitat-el-pla-urba-dactuacio-municipal-de-xest\/\" title=\"El Ple aprova per unanimitat el Pla Urb\u00e0 d&#8217;Actuaci\u00f3 Municipal de Xest\">[+] <\/a><\/div>\n","protected":false},"author":13,"featured_media":162483,"comment_status":"open","ping_status":"open","sticky":false,"template":"","format":"standard","meta":{"footnotes":""},"categories":[10948,10894,10912,10947,10896,10974],"tags":[11071,10914],"class_list":{"0":"post-162485","1":"post","2":"type-post","3":"status-publish","4":"format-standard","5":"has-post-thumbnail","7":"category-infraestructuras-ca","8":"category-la-comarca-ca","9":"category-la-hoya-ca","10":"category-politica","11":"category-seccion-ca","12":"category-cheste-ca","13":"tag-cheste","14":"tag-la-hoya-de-bunol-chiva-ca"},"_links":{"self":[{"href":"https:\/\/www.tucomarca.com\/wordpress\/segunda\/ca\/wp-json\/wp\/v2\/posts\/162485","targetHints":{"allow":["GET"]}}],"collection":[{"href":"https:\/\/www.tucomarca.com\/wordpress\/segunda\/ca\/wp-json\/wp\/v2\/posts"}],"about":[{"href":"https:\/\/www.tucomarca.com\/wordpress\/segunda\/ca\/wp-json\/wp\/v2\/types\/post"}],"author":[{"embeddable":true,"href":"https:\/\/www.tucomarca.com\/wordpress\/segunda\/ca\/wp-json\/wp\/v2\/users\/13"}],"replies":[{"embeddable":true,"href":"https:\/\/www.tucomarca.com\/wordpress\/segunda\/ca\/wp-json\/wp\/v2\/comments?post=162485"}],"version-history":[{"count":0,"href":"https:\/\/www.tucomarca.com\/wordpress\/segunda\/ca\/wp-json\/wp\/v2\/posts\/162485\/revisions"}],"wp:featuredmedia":[{"embeddable":true,"href":"https:\/\/www.tucomarca.com\/wordpress\/segunda\/ca\/wp-json\/wp\/v2\/media\/162483"}],"wp:attachment":[{"href":"https:\/\/www.tucomarca.com\/wordpress\/segunda\/ca\/wp-json\/wp\/v2\/media?parent=162485"}],"wp:term":[{"taxonomy":"category","embeddable":true,"href":"https:\/\/www.tucomarca.com\/wordpress\/segunda\/ca\/wp-json\/wp\/v2\/categories?post=162485"},{"taxonomy":"post_tag","embeddable":true,"href":"https:\/\/www.tucomarca.com\/wordpress\/segunda\/ca\/wp-json\/wp\/v2\/tags?post=162485"}],"curies":[{"name":"wp","href":"https:\/\/api.w.org\/{rel}","templated":true}]}}