{"id":162497,"date":"2022-07-22T17:00:00","date_gmt":"2022-07-22T15:00:00","guid":{"rendered":"http:\/\/www.tucomarca.com\/wordpress\/segunda\/?p=162497"},"modified":"2022-07-22T18:53:25","modified_gmt":"2022-07-22T16:53:25","slug":"la-setmana-de-lesport-a-bunyol-posara-el-fermall-dor-a-un-intens-estiu-esportiu","status":"publish","type":"post","link":"https:\/\/www.tucomarca.com\/wordpress\/segunda\/ca\/la-setmana-de-lesport-a-bunyol-posara-el-fermall-dor-a-un-intens-estiu-esportiu\/","title":{"rendered":"La \u201cSetmana de l&#8217;Esport\u201d a Bunyol posar\u00e0 el fermall d&#8217;or a un intens estiu esportiu"},"content":{"rendered":"\n<p>Amb la volta a la normalitat post-pand\u00e8mica l&#8217;esport torna a ser una refer\u00e8ncia a Bunyol, amb un estiu carregat d&#8217;activitats que arriba a la seua fi en la setmana pr\u00e8via a l&#8217;inici de la Fira i Festes de Bunyol amb la celebraci\u00f3 de la Setmana de l&#8217;Esport del 22 al 27 d&#8217;agost, en la qual podrem gaudir de les finals dels campionats estiuencs i d&#8217;algun torneig organitzat per a l&#8217;ocasi\u00f3. Totes les competicions compten amb el suport de la Regidoria d&#8217;Esports i Cultura Popular. Repassem, esport a esport, les activitats que podrem gaudir.<\/p>\n\n\n\n<p>Handbol\u2028<\/p>\n\n\n\n<p>El dilluns 22 d&#8217;agost obrir\u00e0 la Setmana de l&#8217;Esport el Torneig Mini Handball, que tindr\u00e0 lloc en el Pavell\u00f3 del Planell i en el qual participaran xiquets i xiquetes entre 6 i 12 anys en partits 4&#215;4 a mitja pista d&#8217;una duraci\u00f3 aproximada de 10-15 minuts. No \u00e9s necess\u00e0ria una inscripci\u00f3 pr\u00e8via, bastar\u00e0 amb personar-se all\u00ed a les 10.30 del mat\u00ed i en funci\u00f3 dels participants s&#8217;elaboraran els equips. Per a inscriure&#8217;s contactar amb Teo Pros al 680 866 766 o b\u00e9 en el mail&nbsp;balonmanobunyol@gmail.com\u2028\u2028Frontenis\u2028El XLIX Torneig Frontenis Ajuntament Bunyol 2022 comen\u00e7a el 27 de juliol i finalitza en la Setmana de l&#8217;Esport. Els partits del torneig es disputen totes les vesprades de dilluns a divendres des de les 19 hores, en categoria Masculina i Mixta. El dimecres 17 d&#8217;agost es disputen els quarts de final, el divendres 19 d&#8217;agost les semifinals i el dimarts 23 d&#8217;agost, el dia dedicat a la raqueta dins de la Setmana de l&#8217;Esport, tenen lloc les finals, amb trofeus per als quatre primers classificats i premi en met\u00e0l\u00b7lic segons inscripcions. Est\u00e0s es poden fer directament a trav\u00e9s de Toni Cus\u00ed en el tel\u00e8fon 679 465 462.\u2028\u2028P\u00e0del\u2028Un dels esports m\u00e9s en auge, el p\u00e0del, comptar\u00e0 amb un torneig de copa, amb inscripci\u00f3 gratu\u00efta i nivell lliure, que funcionar\u00e0 amb partits d&#8217;un sol set i que durar\u00e0 uns dos o tres dies, en funci\u00f3 del nombre d&#8217;inscripcions, amb finalitzaci\u00f3 el dimarts 23 d&#8217;agost, Dia de la raqueta, amb la disputa de la final i el tercer i quart llocs. Dues setmanes abans de la disputa de la final s&#8217;habilitar\u00e0 un enlla\u00e7 a una app i p\u00e0gina web per a qui vulga inscriure&#8217;s (hi ha places limitades). Per aix\u00f2 cal dirigir-se a Paco en el tel\u00e8fon 677 85 04 15.<\/p>\n\n\n\n<p>Tennis\u2028<\/p>\n\n\n\n<p>El dimarts 23 d&#8217;agost tamb\u00e9 \u00e9s torn per al tennis, ja que se celebra el VI Torneig S\u00faper Tie-breaks Fira i Festes Bunyol 2022. Es disputa en una sola jornada, entre les 18 i les 22 hores aproximadament. Es tracta de partits curts, consistents en un joc a 10 punts amb avantatge de dos per a determinar el guanyador. Ser\u00e0 un torneig din\u00e0mic, ja que s&#8217;utilitzaran les tres pistes de tennis simult\u00e0niament. Cal dirigir-se a Sergio Herrero al 608 789 717.<\/p>\n\n\n\n<p>Futbol sala<\/p>\n\n\n\n<p>Despr\u00e9s de quasi dos mesos de disputa del Torneig Futbol Sala Bunyol Estiu 2022, arriba el torn per a les esperades finals en totes les categories. Despr\u00e9s de la disputa dels quarts de final i les semifinals la setmana pr\u00e8via (del 15 al 19 d&#8217;agost), ja dins de la Setmana de l&#8217;Esport, el dimarts 23 d&#8217;agost es disputen el tercer i quart lloc en les categories Mitjans (21.20 hores) i Lliure Mascul\u00ed (22.10 hores). I el dimecres 24 d&#8217;agost \u00e9s el torn de les finals: Xicotets (20.30 hores), Mitjans (21.20 hores), Majors (22.10 hores) i Lliure (23.00 hores).<\/p>\n\n\n\n<p>Atletisme<\/p>\n\n\n\n<p>\u2028El dijous 25 d&#8217;agost a les 19.30 hores des de la pla\u00e7a Layana torna un cl\u00e0ssic de l&#8217;esport bu\u00f1olense despr\u00e9s de l&#8217;obligada aturada deguda a la pand\u00e8mia, la XXV Carrera Fira i Festes \u2013 Homenatge a Raquel Lavilla Villar \u2013, en la qual podran participar tots els ve\u00efns i ve\u00efnes de Bunyol de manera gratu\u00efta (a trav\u00e9s de l&#8217;email&nbsp;alcaldia@bunyol.es&nbsp;indicant nom i cognoms, DNI i data de naixement) i els no bu\u00f1olenses pagant 7,50\u20ac a trav\u00e9s de la web&nbsp;www.megustacorrer.com&nbsp;o 10\u20ac el mateix dia de la carrera. El recorregut es compon d&#8217;una volta de 10 Km. pel recinte firal, centre urb\u00e0 i parc del Planell. Hi haur\u00e0 premis per als primers classificats i l&#8217;obsequi d&#8217;una samarreta t\u00e8cnica i una motxilla Cajamar per a tots els participants.<\/p>\n\n\n\n<p>Futbol<\/p>\n\n\n\n<p>Finalment, el dissabte 27 d&#8217;agost a partir de les 17.45 hores tindr\u00e0 lloc la presentaci\u00f3 del C.Sr. Bunyol davant la seua afici\u00f3 en el Beltr\u00e1n B\u00e1guena, on el p\u00fablic podr\u00e0 con\u00e9ixer a les plantilles de tots els equips de l&#8217;escola i del primer equip, que culminar\u00e0 la vesprada enfrontant-se a l&#8217;Atl\u00e8tic Llevant O.D. a partir de les 19 hores.<\/p>\n","protected":false},"excerpt":{"rendered":"<div class=\"mh-excerpt\">Amb la volta a la normalitat post-pand\u00e8mica l&#8217;esport torna a ser una refer\u00e8ncia a Bunyol, amb un estiu carregat d&#8217;activitats que arriba a la seua fi en la setmana pr\u00e8via a l&#8217;inici de la Fira <a class=\"mh-excerpt-more\" href=\"https:\/\/www.tucomarca.com\/wordpress\/segunda\/ca\/la-setmana-de-lesport-a-bunyol-posara-el-fermall-dor-a-un-intens-estiu-esportiu\/\" title=\"La \u201cSetmana de l&#8217;Esport\u201d a Bunyol posar\u00e0 el fermall d&#8217;or a un intens estiu esportiu\">[+] <\/a><\/div>\n","protected":false},"author":13,"featured_media":162495,"comment_status":"open","ping_status":"open","sticky":false,"template":"","format":"standard","meta":{"footnotes":""},"categories":[10911,11003,10894,10912,11009,10896],"tags":[10913,11074,10914],"class_list":{"0":"post-162497","1":"post","2":"type-post","3":"status-publish","4":"format-standard","5":"has-post-thumbnail","7":"category-bunol-ca","8":"category-sports","9":"category-la-comarca-ca","10":"category-la-hoya-ca","11":"category-polideportivo-ca","12":"category-seccion-ca","13":"tag-bunol-ca","14":"tag-deportes-ca","15":"tag-la-hoya-de-bunol-chiva-ca"},"_links":{"self":[{"href":"https:\/\/www.tucomarca.com\/wordpress\/segunda\/ca\/wp-json\/wp\/v2\/posts\/162497","targetHints":{"allow":["GET"]}}],"collection":[{"href":"https:\/\/www.tucomarca.com\/wordpress\/segunda\/ca\/wp-json\/wp\/v2\/posts"}],"about":[{"href":"https:\/\/www.tucomarca.com\/wordpress\/segunda\/ca\/wp-json\/wp\/v2\/types\/post"}],"author":[{"embeddable":true,"href":"https:\/\/www.tucomarca.com\/wordpress\/segunda\/ca\/wp-json\/wp\/v2\/users\/13"}],"replies":[{"embeddable":true,"href":"https:\/\/www.tucomarca.com\/wordpress\/segunda\/ca\/wp-json\/wp\/v2\/comments?post=162497"}],"version-history":[{"count":0,"href":"https:\/\/www.tucomarca.com\/wordpress\/segunda\/ca\/wp-json\/wp\/v2\/posts\/162497\/revisions"}],"wp:featuredmedia":[{"embeddable":true,"href":"https:\/\/www.tucomarca.com\/wordpress\/segunda\/ca\/wp-json\/wp\/v2\/media\/162495"}],"wp:attachment":[{"href":"https:\/\/www.tucomarca.com\/wordpress\/segunda\/ca\/wp-json\/wp\/v2\/media?parent=162497"}],"wp:term":[{"taxonomy":"category","embeddable":true,"href":"https:\/\/www.tucomarca.com\/wordpress\/segunda\/ca\/wp-json\/wp\/v2\/categories?post=162497"},{"taxonomy":"post_tag","embeddable":true,"href":"https:\/\/www.tucomarca.com\/wordpress\/segunda\/ca\/wp-json\/wp\/v2\/tags?post=162497"}],"curies":[{"name":"wp","href":"https:\/\/api.w.org\/{rel}","templated":true}]}}