{"id":162505,"date":"2022-07-22T15:00:00","date_gmt":"2022-07-22T13:00:00","guid":{"rendered":"http:\/\/www.tucomarca.com\/wordpress\/segunda\/?p=162505"},"modified":"2022-07-22T18:25:59","modified_gmt":"2022-07-22T16:25:59","slug":"benaguasil-obte-un-nou-taller-docupacio","status":"publish","type":"post","link":"https:\/\/www.tucomarca.com\/wordpress\/segunda\/ca\/benaguasil-obte-un-nou-taller-docupacio\/","title":{"rendered":"Benaguasil obt\u00e9 un nou Taller d&#8217;Ocupaci\u00f3"},"content":{"rendered":"\n<p><strong>Permetr\u00e0 contractar 20 persones desocupades del municipi<\/strong><\/p>\n\n\n\n<p>L&#8217;Ajuntament de Benaguasil ha aconseguit un nou taller d&#8217;ocupaci\u00f3 que formar\u00e0 i ocupar\u00e0 20 persones durant un any. El programa que, comptar\u00e0 amb un pressupost de 532.708 euros, subvencionats per Labora i comptant amb l&#8217;aportaci\u00f3 de l&#8217;Ajuntament, es desenvolupar\u00e0 en dues especialitats formatives: Jardineria i Obra de paleta, donant d&#8217;aquesta manera continu\u00eftat a l&#8217;\u00faltim taller d&#8217;ocupaci\u00f3. A m\u00e9s dels 20 alumnes-treballadors (10 per especialitat), donar\u00e0 treball tamb\u00e9 a altres cinc persones, que conformaran l&#8217;equip directiu i docent.<\/p>\n\n\n\n<p>Les persones interessades a participar en el proc\u00e9s de selecci\u00f3 del taller d&#8217;ocupaci\u00f3 denominada \u201cBenaguasil Sostenible III\u201d han d&#8217;estar inscrites i registrades pr\u00e8viament en LABORA en les especialitats formatives:<\/p>\n\n\n\n<p>Obra de paleta<br>EOCB0208 Operacions auxiliars d&#8217;obra de paleta de f\u00e0briques i cobertes<br>EOCB0108 F\u00e0briques d&#8217;obra de paleta<br>Jardineria<br>AGAO0108 Activitats auxiliars en vivers, jardins i centres de jardineria.<br>AGAO0208 Instal\u00b7laci\u00f3 i manteniment de jardins i zones verdes.<\/p>\n\n\n\n<p>Aix\u00ed mateix hauran de complir els seg\u00fcents requisits m\u00ednims: tindre 18 anys o m\u00e9s, ser demandants d&#8217;ocupaci\u00f3, registrades en un servei p\u00fablic d&#8217;ocupaci\u00f3, ser desocupades no ocupades o persones ocupades registrades en millora d&#8217;ocupaci\u00f3, complir els requisits establits en la normativa d&#8217;aplicaci\u00f3 per a formalitzar un contracte per a la formaci\u00f3 i l&#8217;aprenentatge i complir els requisits establits en l&#8217;article 20 del Reial decret 34\/2008, de 18 de gener, pel qual es regulen els certificats de professionalitat, per a l&#8217;acc\u00e9s a les accions formatives.<\/p>\n\n\n\n<p>La regidor de l&#8217;\u00e0rea, Patricia Merenciano, ha manifestat que \u201cper a l&#8217;Ajuntament de Benaguasil \u00e9s una prioritat apostar per iniciatives que, com els Tallers d&#8217;Ocupaci\u00f3, afavorisquen la inserci\u00f3 laboral i milloren les oportunitats d&#8217;\u00fas dels ve\u00efns i ve\u00efnes\u201d. Respecte a la selecci\u00f3, \u201cl&#8217;alumnat ser\u00e0 seleccionat d&#8217;entre les persones preseleccionades i remeses pel Espai LABORA de Ll\u00edria que s&#8217;hagen inscrit pr\u00e8viament en les especialitats del Taller d&#8217;Ocupaci\u00f3, i sempre segons les bases que es publicaran en la web municipal\u201d, ha assenyalat l&#8217;edil.<\/p>\n","protected":false},"excerpt":{"rendered":"<div class=\"mh-excerpt\">Permetr\u00e0 contractar 20 persones desocupades del municipi L&#8217;Ajuntament de Benaguasil ha aconseguit un nou taller d&#8217;ocupaci\u00f3 que formar\u00e0 i ocupar\u00e0 20 persones durant un any. El programa que, comptar\u00e0 amb un pressupost de 532.708 euros, <a class=\"mh-excerpt-more\" href=\"https:\/\/www.tucomarca.com\/wordpress\/segunda\/ca\/benaguasil-obte-un-nou-taller-docupacio\/\" title=\"Benaguasil obt\u00e9 un nou Taller d&#8217;Ocupaci\u00f3\">[+] <\/a><\/div>\n","protected":false},"author":13,"featured_media":162503,"comment_status":"open","ping_status":"open","sticky":false,"template":"","format":"standard","meta":{"footnotes":""},"categories":[10952,10892,10948,10894,10896],"tags":[11136,10899,12480],"class_list":{"0":"post-162505","1":"post","2":"type-post","3":"status-publish","4":"format-standard","5":"has-post-thumbnail","7":"category-benaguasil-ca","8":"category-camp-de-turia-ca","9":"category-infraestructuras-ca","10":"category-la-comarca-ca","11":"category-seccion-ca","12":"tag-benaguasil-ca","13":"tag-camp-de-turia-ca","14":"tag-empleo-ca"},"_links":{"self":[{"href":"https:\/\/www.tucomarca.com\/wordpress\/segunda\/ca\/wp-json\/wp\/v2\/posts\/162505","targetHints":{"allow":["GET"]}}],"collection":[{"href":"https:\/\/www.tucomarca.com\/wordpress\/segunda\/ca\/wp-json\/wp\/v2\/posts"}],"about":[{"href":"https:\/\/www.tucomarca.com\/wordpress\/segunda\/ca\/wp-json\/wp\/v2\/types\/post"}],"author":[{"embeddable":true,"href":"https:\/\/www.tucomarca.com\/wordpress\/segunda\/ca\/wp-json\/wp\/v2\/users\/13"}],"replies":[{"embeddable":true,"href":"https:\/\/www.tucomarca.com\/wordpress\/segunda\/ca\/wp-json\/wp\/v2\/comments?post=162505"}],"version-history":[{"count":0,"href":"https:\/\/www.tucomarca.com\/wordpress\/segunda\/ca\/wp-json\/wp\/v2\/posts\/162505\/revisions"}],"wp:featuredmedia":[{"embeddable":true,"href":"https:\/\/www.tucomarca.com\/wordpress\/segunda\/ca\/wp-json\/wp\/v2\/media\/162503"}],"wp:attachment":[{"href":"https:\/\/www.tucomarca.com\/wordpress\/segunda\/ca\/wp-json\/wp\/v2\/media?parent=162505"}],"wp:term":[{"taxonomy":"category","embeddable":true,"href":"https:\/\/www.tucomarca.com\/wordpress\/segunda\/ca\/wp-json\/wp\/v2\/categories?post=162505"},{"taxonomy":"post_tag","embeddable":true,"href":"https:\/\/www.tucomarca.com\/wordpress\/segunda\/ca\/wp-json\/wp\/v2\/tags?post=162505"}],"curies":[{"name":"wp","href":"https:\/\/api.w.org\/{rel}","templated":true}]}}