{"id":162509,"date":"2022-07-21T09:00:00","date_gmt":"2022-07-21T07:00:00","guid":{"rendered":"http:\/\/www.tucomarca.com\/wordpress\/segunda\/?p=162509"},"modified":"2022-07-22T19:00:33","modified_gmt":"2022-07-22T17:00:33","slug":"requena-constitueix-la-comissio-gestora-de-la-festa-de-la-verema","status":"publish","type":"post","link":"https:\/\/www.tucomarca.com\/wordpress\/segunda\/ca\/requena-constitueix-la-comissio-gestora-de-la-festa-de-la-verema\/","title":{"rendered":"Requena constitueix la Comissi\u00f3 Gestora de la Festa de la Verema"},"content":{"rendered":"\n<p>La comissi\u00f3 gestora de la Festa de la Verema va ser constitu\u00efda dimecres passat 20 de juliol.<\/p>\n\n\n\n<p>Despr\u00e9s de la passada assemblea de socis en la qual la comissi\u00f3 executiva de l&#8217;Associaci\u00f3 Festa de la Verema acabava el seu mandat sense que es presentara ning\u00fa, tal com marquen els estatuts, \u00e9s responsabilitat dels presidents de les \u00faltimes deu edicions . Aquestes comprenen de la 63 a la 72.<\/p>\n\n\n\n<p>La comissi\u00f3 gestora, t\u00e9 com a \u00fanica finalitat poder donar de nou l&#8217;oportunitat als socis que presenten candidatura a la presid\u00e8ncia, o en cas que no hi haguera cap correspondria la liquidaci\u00f3. Per a la nova assemblea est\u00e0 previst que es puga realitzar la seua convocat\u00f2ria en les pr\u00f2ximes setmanes i aix\u00ed poder desenvolupar-la a la fi del mes de setembre.<\/p>\n\n\n\n<p>El repartiment de funcions en la comissi\u00f3 gestora formada pels presidents de les ultimes deu edicions s&#8217;ha formalitzat de la seg\u00fcent manera:<\/p>\n\n\n\n<p>President<br>Alberto Garc\u00eda Caba\u00f1as&nbsp;<br>(President de les edicions 62, 66, 70 i 72)<\/p>\n\n\n\n<p>Vicepresident&nbsp;<br>Jes\u00fas Fernando P\u00e9rez Mart\u00ednez&nbsp;<br>(President de l&#8217;edici\u00f3 67)<\/p>\n\n\n\n<p>Secretari&nbsp;<br>Antonio Mu\u00f1oz Mart\u00ednez&nbsp;<br>(President de l&#8217;edici\u00f3 69)<\/p>\n\n\n\n<p>Tresorer<br>Alberto Ponce P\u00e9rez&nbsp;<br>(President de l&#8217;edici\u00f3 63)<\/p>\n\n\n\n<p>Vocals<\/p>\n\n\n\n<p>Elias Briones Rodr\u00edguez&nbsp;<br>(President de l&#8217;edici\u00f3 68)<\/p>\n\n\n\n<p>Jos\u00e9 Antonio Cebri\u00e1n Mart\u00ednez&nbsp;<br>(President de l&#8217;edici\u00f3 71)<\/p>\n\n\n\n<p>Carlos Manuel Zahonero S\u00e1nchez<br>(President de l&#8217;edici\u00f3 64)<\/p>\n\n\n\n<p>Arturo Domingo Hern\u00e1ndez&nbsp;<br>(President de l&#8217;edici\u00f3 65)<\/p>\n\n\n\n<p>Informa, Luis Ib\u00e1\u00f1ez.<\/p>\n","protected":false},"excerpt":{"rendered":"<div class=\"mh-excerpt\">La comissi\u00f3 gestora de la Festa de la Verema va ser constitu\u00efda dimecres passat 20 de juliol. Despr\u00e9s de la passada assemblea de socis en la qual la comissi\u00f3 executiva de l&#8217;Associaci\u00f3 Festa de la <a class=\"mh-excerpt-more\" href=\"https:\/\/www.tucomarca.com\/wordpress\/segunda\/ca\/requena-constitueix-la-comissio-gestora-de-la-festa-de-la-verema\/\" title=\"Requena constitueix la Comissi\u00f3 Gestora de la Festa de la Verema\">[+] <\/a><\/div>\n","protected":false},"author":13,"featured_media":71783,"comment_status":"open","ping_status":"open","sticky":false,"template":"","format":"standard","meta":{"footnotes":""},"categories":[11006,10894,10908,10909,10896],"tags":[17566,11099,10910],"class_list":{"0":"post-162509","1":"post","2":"type-post","3":"status-publish","4":"format-standard","5":"has-post-thumbnail","7":"category-canal-vinos","8":"category-la-comarca-ca","9":"category-requena-ca","10":"category-requena-utiel-ca","11":"category-seccion-ca","12":"tag-fiesta-vendimia-ca","13":"tag-requena-ca","14":"tag-requena-utiel-ca"},"_links":{"self":[{"href":"https:\/\/www.tucomarca.com\/wordpress\/segunda\/ca\/wp-json\/wp\/v2\/posts\/162509","targetHints":{"allow":["GET"]}}],"collection":[{"href":"https:\/\/www.tucomarca.com\/wordpress\/segunda\/ca\/wp-json\/wp\/v2\/posts"}],"about":[{"href":"https:\/\/www.tucomarca.com\/wordpress\/segunda\/ca\/wp-json\/wp\/v2\/types\/post"}],"author":[{"embeddable":true,"href":"https:\/\/www.tucomarca.com\/wordpress\/segunda\/ca\/wp-json\/wp\/v2\/users\/13"}],"replies":[{"embeddable":true,"href":"https:\/\/www.tucomarca.com\/wordpress\/segunda\/ca\/wp-json\/wp\/v2\/comments?post=162509"}],"version-history":[{"count":0,"href":"https:\/\/www.tucomarca.com\/wordpress\/segunda\/ca\/wp-json\/wp\/v2\/posts\/162509\/revisions"}],"wp:featuredmedia":[{"embeddable":true,"href":"https:\/\/www.tucomarca.com\/wordpress\/segunda\/ca\/wp-json\/wp\/v2\/media\/71783"}],"wp:attachment":[{"href":"https:\/\/www.tucomarca.com\/wordpress\/segunda\/ca\/wp-json\/wp\/v2\/media?parent=162509"}],"wp:term":[{"taxonomy":"category","embeddable":true,"href":"https:\/\/www.tucomarca.com\/wordpress\/segunda\/ca\/wp-json\/wp\/v2\/categories?post=162509"},{"taxonomy":"post_tag","embeddable":true,"href":"https:\/\/www.tucomarca.com\/wordpress\/segunda\/ca\/wp-json\/wp\/v2\/tags?post=162509"}],"curies":[{"name":"wp","href":"https:\/\/api.w.org\/{rel}","templated":true}]}}