{"id":162521,"date":"2022-07-22T16:30:00","date_gmt":"2022-07-22T14:30:00","guid":{"rendered":"http:\/\/www.tucomarca.com\/wordpress\/segunda\/?p=162521"},"modified":"2022-07-22T19:39:54","modified_gmt":"2022-07-22T17:39:54","slug":"sanitat-notifica-62-defuncions-i-4-756-nous-casos-de-coronavirus-en-la-comunitat-valenciana-2-275-dells-en-majors-de-60-anys","status":"publish","type":"post","link":"https:\/\/www.tucomarca.com\/wordpress\/segunda\/ca\/sanitat-notifica-62-defuncions-i-4-756-nous-casos-de-coronavirus-en-la-comunitat-valenciana-2-275-dells-en-majors-de-60-anys\/","title":{"rendered":"Sanitat notifica 62 defuncions i 4.756 nous casos de coronavirus en la Comunitat Valenciana, 2.275 d&#8217;ells en majors de 60 anys"},"content":{"rendered":"\n<p><strong>Els hospitals valencians tenen 1.139 persones ingressades, 58 d&#8217;elles en l&#8217;UCI<\/strong><\/p>\n\n\n\n<p>La Conselleria de Sanitat Universal i Salut P\u00fablica ha notificat un total de 4.756 nous casos de coronavirus confirmats per prova PCR o a trav\u00e9s de test d&#8217;ant\u00edgens des de l&#8217;\u00faltima actualitzaci\u00f3. Els nous casos per prov\u00edncies s\u00f3n 687 a Castell\u00f3 (186.395 en total), 1.237 a Alacant (517.209 en total), 2.830 a Val\u00e8ncia (815.003 en total) i 2 sense assignar.<\/p>\n\n\n\n<p>D&#8217;ells, 2.275 s\u00f3n de persones majors de 60 anys. Per prov\u00edncies: 344 de Castell\u00f3, 673 d&#8217;Alacant, 1.256 de Val\u00e8ncia i 2 sense assignar.<\/p>\n\n\n\n<p>Els hospitals valencians tenen actualment 1.139 persones ingressades, 58 d&#8217;elles en l&#8217;UCI: 168 a la prov\u00edncia de Castell\u00f3, 6 en UCI; 358 a la prov\u00edncia d&#8217;Alacant, 22 d&#8217;elles en l&#8217;UCI; i 613 a la prov\u00edncia de Val\u00e8ncia, 30 en UCI.<\/p>\n\n\n\n<p>S&#8217;han notificat 62 defuncions per coronavirus des de l&#8217;\u00faltima actualitzaci\u00f3, tots amb data de defunci\u00f3 en els \u00faltims 7 dies, excepte un que \u00e9s del 5 de juliol i dos del dia 13 de juliol. Es tracta de 35 dones d&#8217;entre 55 i 99 anys, i 27 homes, d&#8217;entre 61 i 94 anys. El total de decessos des de l&#8217;inici de la pand\u00e8mia ascendeix a 9.698: 1.140 a la prov\u00edncia de Castell\u00f3, 3.694 en la d&#8217;Alacant i 4.864 en la de Val\u00e8ncia.<\/p>\n","protected":false},"excerpt":{"rendered":"<div class=\"mh-excerpt\">Els hospitals valencians tenen 1.139 persones ingressades, 58 d&#8217;elles en l&#8217;UCI La Conselleria de Sanitat Universal i Salut P\u00fablica ha notificat un total de 4.756 nous casos de coronavirus confirmats per prova PCR o a <a class=\"mh-excerpt-more\" href=\"https:\/\/www.tucomarca.com\/wordpress\/segunda\/ca\/sanitat-notifica-62-defuncions-i-4-756-nous-casos-de-coronavirus-en-la-comunitat-valenciana-2-275-dells-en-majors-de-60-anys\/\" title=\"Sanitat notifica 62 defuncions i 4.756 nous casos de coronavirus en la Comunitat Valenciana, 2.275 d&#8217;ells en majors de 60 anys\">[+] <\/a><\/div>\n","protected":false},"author":1,"featured_media":150224,"comment_status":"open","ping_status":"open","sticky":false,"template":"","format":"standard","meta":{"footnotes":""},"categories":[11010,12202,10898,10948,10894,10904,10903,10947,10896,10897],"tags":[11939,11940,11199,17474,13963,13932],"class_list":{"0":"post-162521","1":"post","2":"type-post","3":"status-publish","4":"format-standard","5":"has-post-thumbnail","7":"category-canal-salud","8":"category-covid-19-ca","9":"category-ventana-ca","10":"category-infraestructuras-ca","11":"category-la-comarca-ca","12":"category-sin-categorizar-ca","13":"category-medio-ambiente-la-comarca-ca","14":"category-politica","15":"category-seccion-ca","16":"category-sucesos-la-comarca-ca","17":"tag-coronavirus-ca","18":"tag-covid-19-ca","19":"tag-la-comunitat-ca","20":"tag-septima-ola-ca","21":"tag-vacunacion-ca","22":"tag-vacunas-ca"},"_links":{"self":[{"href":"https:\/\/www.tucomarca.com\/wordpress\/segunda\/ca\/wp-json\/wp\/v2\/posts\/162521","targetHints":{"allow":["GET"]}}],"collection":[{"href":"https:\/\/www.tucomarca.com\/wordpress\/segunda\/ca\/wp-json\/wp\/v2\/posts"}],"about":[{"href":"https:\/\/www.tucomarca.com\/wordpress\/segunda\/ca\/wp-json\/wp\/v2\/types\/post"}],"author":[{"embeddable":true,"href":"https:\/\/www.tucomarca.com\/wordpress\/segunda\/ca\/wp-json\/wp\/v2\/users\/1"}],"replies":[{"embeddable":true,"href":"https:\/\/www.tucomarca.com\/wordpress\/segunda\/ca\/wp-json\/wp\/v2\/comments?post=162521"}],"version-history":[{"count":0,"href":"https:\/\/www.tucomarca.com\/wordpress\/segunda\/ca\/wp-json\/wp\/v2\/posts\/162521\/revisions"}],"wp:featuredmedia":[{"embeddable":true,"href":"https:\/\/www.tucomarca.com\/wordpress\/segunda\/ca\/wp-json\/wp\/v2\/media\/150224"}],"wp:attachment":[{"href":"https:\/\/www.tucomarca.com\/wordpress\/segunda\/ca\/wp-json\/wp\/v2\/media?parent=162521"}],"wp:term":[{"taxonomy":"category","embeddable":true,"href":"https:\/\/www.tucomarca.com\/wordpress\/segunda\/ca\/wp-json\/wp\/v2\/categories?post=162521"},{"taxonomy":"post_tag","embeddable":true,"href":"https:\/\/www.tucomarca.com\/wordpress\/segunda\/ca\/wp-json\/wp\/v2\/tags?post=162521"}],"curies":[{"name":"wp","href":"https:\/\/api.w.org\/{rel}","templated":true}]}}