{"id":162801,"date":"2022-07-26T17:00:00","date_gmt":"2022-07-26T15:00:00","guid":{"rendered":"http:\/\/www.tucomarca.com\/wordpress\/segunda\/?p=162801"},"modified":"2022-07-26T20:37:12","modified_gmt":"2022-07-26T18:37:12","slug":"el-prya-assegura-que-el-govern-valencia-continua-discriminant-els-llogarets-de-requena-utiel-i-venta-del-moro-en-el-fons-contra-la-despoblacio","status":"publish","type":"post","link":"https:\/\/www.tucomarca.com\/wordpress\/segunda\/ca\/el-prya-assegura-que-el-govern-valencia-continua-discriminant-els-llogarets-de-requena-utiel-i-venta-del-moro-en-el-fons-contra-la-despoblacio\/","title":{"rendered":"El PRyA assegura que el govern valenci\u00e0 &#8220;continua discriminant els llogarets de Requena, Utiel i Venta del Moro&#8221; en el fons contra la despoblaci\u00f3"},"content":{"rendered":"\n<p><strong>El portaveu del PRyA, Joaqu\u00edn Gonz\u00e1lez Gonz\u00e1lez, den\u00fancia que els llogarets de la comarca s\u00f3n discriminades en les ajudes del \u201cfons contra la despoblaci\u00f3\u201d<\/strong><\/p>\n\n\n\n<p>Segons dades del Partit de Requena i Llogarets, m\u00e9s de 80.000 persones en 178 municipis es beneficiaran del fons contra la despoblaci\u00f3 que la Generalitat amplia a 4 milions d&#8217;euros. L&#8217;any passat 2021 es va modificar el decret de creaci\u00f3 d&#8217;aquestes ajudes que s&#8217;assignen en funci\u00f3 del n\u00famero de poblaci\u00f3, entre altres criteris, perqu\u00e8 totes les poblacions amb menys de 300 habitants entren directament. De la mateixa manera es va incrementar l&#8217;import m\u00ednim a percebre, passant de 3.000 a 5.000 euros.<br>Doncs b\u00e9, &#8220;entre aqueixos criteris no s&#8217;ha incl\u00f2s a les poblacions que, tenint menys de 300 habitants, manquen d&#8217;ajuntament, com \u00e9s el cas de la majoria dels llogarets de Requena, Utiel i Venta del Moro&#8221; afirmen des del PR i A. &#8220;En els \u00faltims anys -afigen les fonts- des del govern valenci\u00e0 de Ximo Puig s&#8217;estan traient subvencions i ajudes destinades a municipis en despoblaci\u00f3, a les quals no poden accedir els llogarets de la nostra comarca per ser nuclis de poblaci\u00f3 dins d&#8217;un municipi per\u00f2 sense ser-ho&#8221;. Hem d&#8217;entendre que &#8220;no s\u00f3n els municipis els que es despoblen, sin\u00f3 els nuclis de poblaci\u00f3 els que perden residents independentment de la qualificaci\u00f3 administrativa que posse\u00efsquen, com \u00e9s el cas dels llogarets de Requena&#8221; manifesten representants de la formaci\u00f3 pol\u00edtica d&#8217;\u00e0mbit municipal.<br>Des de el\u00a0Partit de Requena i Llogarets\u00a0demanem, una vegada m\u00e9s, a tots els partits pol\u00edtics amb representaci\u00f3 en el govern de la Generalitat Valenciana &#8220;que facen les gestions necess\u00e0ries per a incloure als llogarets de la comarca en totes les ajudes i plans contra la despoblaci\u00f3&#8221;. Informa, <strong>Luis Ib\u00e1\u00f1ez<\/strong>.<\/p>\n","protected":false},"excerpt":{"rendered":"<div class=\"mh-excerpt\">El portaveu del PRyA, Joaqu\u00edn Gonz\u00e1lez Gonz\u00e1lez, den\u00fancia que els llogarets de la comarca s\u00f3n discriminades en les ajudes del \u201cfons contra la despoblaci\u00f3\u201d Segons dades del Partit de Requena i Llogarets, m\u00e9s de 80.000 <a class=\"mh-excerpt-more\" href=\"https:\/\/www.tucomarca.com\/wordpress\/segunda\/ca\/el-prya-assegura-que-el-govern-valencia-continua-discriminant-els-llogarets-de-requena-utiel-i-venta-del-moro-en-el-fons-contra-la-despoblacio\/\" title=\"El PRyA assegura que el govern valenci\u00e0 &#8220;continua discriminant els llogarets de Requena, Utiel i Venta del Moro&#8221; en el fons contra la despoblaci\u00f3\">[+] <\/a><\/div>\n","protected":false},"author":13,"featured_media":162799,"comment_status":"open","ping_status":"open","sticky":false,"template":"","format":"standard","meta":{"footnotes":""},"categories":[10948,10894,10947,10908,10909,11059,11060],"tags":[11099,10910,11174,11709],"class_list":{"0":"post-162801","1":"post","2":"type-post","3":"status-publish","4":"format-standard","5":"has-post-thumbnail","7":"category-infraestructuras-ca","8":"category-la-comarca-ca","9":"category-politica","10":"category-requena-ca","11":"category-requena-utiel-ca","12":"category-utiel-ca","13":"category-venta-del-moro-ca","14":"tag-requena-ca","15":"tag-requena-utiel-ca","16":"tag-utiel-ca","17":"tag-venta-del-moro-ca"},"_links":{"self":[{"href":"https:\/\/www.tucomarca.com\/wordpress\/segunda\/ca\/wp-json\/wp\/v2\/posts\/162801","targetHints":{"allow":["GET"]}}],"collection":[{"href":"https:\/\/www.tucomarca.com\/wordpress\/segunda\/ca\/wp-json\/wp\/v2\/posts"}],"about":[{"href":"https:\/\/www.tucomarca.com\/wordpress\/segunda\/ca\/wp-json\/wp\/v2\/types\/post"}],"author":[{"embeddable":true,"href":"https:\/\/www.tucomarca.com\/wordpress\/segunda\/ca\/wp-json\/wp\/v2\/users\/13"}],"replies":[{"embeddable":true,"href":"https:\/\/www.tucomarca.com\/wordpress\/segunda\/ca\/wp-json\/wp\/v2\/comments?post=162801"}],"version-history":[{"count":0,"href":"https:\/\/www.tucomarca.com\/wordpress\/segunda\/ca\/wp-json\/wp\/v2\/posts\/162801\/revisions"}],"wp:featuredmedia":[{"embeddable":true,"href":"https:\/\/www.tucomarca.com\/wordpress\/segunda\/ca\/wp-json\/wp\/v2\/media\/162799"}],"wp:attachment":[{"href":"https:\/\/www.tucomarca.com\/wordpress\/segunda\/ca\/wp-json\/wp\/v2\/media?parent=162801"}],"wp:term":[{"taxonomy":"category","embeddable":true,"href":"https:\/\/www.tucomarca.com\/wordpress\/segunda\/ca\/wp-json\/wp\/v2\/categories?post=162801"},{"taxonomy":"post_tag","embeddable":true,"href":"https:\/\/www.tucomarca.com\/wordpress\/segunda\/ca\/wp-json\/wp\/v2\/tags?post=162801"}],"curies":[{"name":"wp","href":"https:\/\/api.w.org\/{rel}","templated":true}]}}