{"id":162890,"date":"2022-07-27T12:05:00","date_gmt":"2022-07-27T10:05:00","guid":{"rendered":"http:\/\/www.tucomarca.com\/wordpress\/segunda\/?p=162890"},"modified":"2022-07-27T14:04:00","modified_gmt":"2022-07-27T12:04:00","slug":"el-prya-denuncia-laparicio-duna-plaga-de-puces-a-requena","status":"publish","type":"post","link":"https:\/\/www.tucomarca.com\/wordpress\/segunda\/ca\/el-prya-denuncia-laparicio-duna-plaga-de-puces-a-requena\/","title":{"rendered":"El PRyA den\u00fancia l&#8217;aparici\u00f3 d&#8217;una plaga de puces a Requena"},"content":{"rendered":"\n<p><strong>Des del PRyA han sol\u00b7licitat que, &#8220;de manera urgent, l&#8217;Ajuntament realitze un tractament per a eliminar aquesta plaga de puces en aquest barri requenense<\/strong>&#8220;<\/p>\n\n\n\n<p>&#8220;Ve\u00efns del centre hist\u00f2ric de la Vila s&#8217;han posat en contacte amb el PRyA per a expressar-nos la seua preocupaci\u00f3 per una plaga de puces en algunes zones d&#8217;aquest barri&#8221;, segons la formaci\u00f3.\u00a0<\/p>\n\n\n\n<p>&#8220;En concret, ens han alertat de diversos carrers on es troben cases de propietat municipal sense \u00fas o en mal estat, aix\u00ed com en un solar tamb\u00e9 de titularitat p\u00fablica&#8221;.\u00a0<\/p>\n\n\n\n<p>&#8220;A m\u00e9s, segons ens informen els ve\u00efns s\u00f3n diversos els residents del barri de la Vila els que han acudit al Centre de Salut de Requena a causa de les picades de les puces&#8221;.\u00a0<\/p>\n\n\n\n<p>&#8220;Entre les funcions de les corporacions locals est\u00e0 el control sanitari de la localitat, per la qual cosa \u00e9s obligaci\u00f3 de l&#8217;Ajuntament l&#8217;eliminaci\u00f3 d&#8217;aquestes plagues&#8221;.<\/p>\n\n\n\n<p>&#8220;Sense perdre temps, des del PRyA hem sol\u00b7licitat per registre d&#8217;entrada al govern socialista de Mario S\u00e1nchez que, de manera urgent, realitzen un tractament per a eliminar aquesta plaga de puces en el barri de la Vila&#8221;, han finalitzat.<\/p>\n","protected":false},"excerpt":{"rendered":"<div class=\"mh-excerpt\">Des del PRyA han sol\u00b7licitat que, &#8220;de manera urgent, l&#8217;Ajuntament realitze un tractament per a eliminar aquesta plaga de puces en aquest barri requenense&#8220; &#8220;Ve\u00efns del centre hist\u00f2ric de la Vila s&#8217;han posat en contacte <a class=\"mh-excerpt-more\" href=\"https:\/\/www.tucomarca.com\/wordpress\/segunda\/ca\/el-prya-denuncia-laparicio-duna-plaga-de-puces-a-requena\/\" title=\"El PRyA den\u00fancia l&#8217;aparici\u00f3 d&#8217;una plaga de puces a Requena\">[+] <\/a><\/div>\n","protected":false},"author":13,"featured_media":162885,"comment_status":"open","ping_status":"open","sticky":false,"template":"","format":"standard","meta":{"footnotes":""},"categories":[11010,10948,10894,10903,10947,10908,10909,10896,10897],"tags":[12166,11099,10910,11207],"class_list":{"0":"post-162890","1":"post","2":"type-post","3":"status-publish","4":"format-standard","5":"has-post-thumbnail","7":"category-canal-salud","8":"category-infraestructuras-ca","9":"category-la-comarca-ca","10":"category-medio-ambiente-la-comarca-ca","11":"category-politica","12":"category-requena-ca","13":"category-requena-utiel-ca","14":"category-seccion-ca","15":"category-sucesos-la-comarca-ca","16":"tag-medio-ambiente-ca","17":"tag-requena-ca","18":"tag-requena-utiel-ca","19":"tag-salud-ca"},"_links":{"self":[{"href":"https:\/\/www.tucomarca.com\/wordpress\/segunda\/ca\/wp-json\/wp\/v2\/posts\/162890","targetHints":{"allow":["GET"]}}],"collection":[{"href":"https:\/\/www.tucomarca.com\/wordpress\/segunda\/ca\/wp-json\/wp\/v2\/posts"}],"about":[{"href":"https:\/\/www.tucomarca.com\/wordpress\/segunda\/ca\/wp-json\/wp\/v2\/types\/post"}],"author":[{"embeddable":true,"href":"https:\/\/www.tucomarca.com\/wordpress\/segunda\/ca\/wp-json\/wp\/v2\/users\/13"}],"replies":[{"embeddable":true,"href":"https:\/\/www.tucomarca.com\/wordpress\/segunda\/ca\/wp-json\/wp\/v2\/comments?post=162890"}],"version-history":[{"count":0,"href":"https:\/\/www.tucomarca.com\/wordpress\/segunda\/ca\/wp-json\/wp\/v2\/posts\/162890\/revisions"}],"wp:featuredmedia":[{"embeddable":true,"href":"https:\/\/www.tucomarca.com\/wordpress\/segunda\/ca\/wp-json\/wp\/v2\/media\/162885"}],"wp:attachment":[{"href":"https:\/\/www.tucomarca.com\/wordpress\/segunda\/ca\/wp-json\/wp\/v2\/media?parent=162890"}],"wp:term":[{"taxonomy":"category","embeddable":true,"href":"https:\/\/www.tucomarca.com\/wordpress\/segunda\/ca\/wp-json\/wp\/v2\/categories?post=162890"},{"taxonomy":"post_tag","embeddable":true,"href":"https:\/\/www.tucomarca.com\/wordpress\/segunda\/ca\/wp-json\/wp\/v2\/tags?post=162890"}],"curies":[{"name":"wp","href":"https:\/\/api.w.org\/{rel}","templated":true}]}}