{"id":163971,"date":"2022-08-07T10:00:00","date_gmt":"2022-08-07T08:00:00","guid":{"rendered":"http:\/\/www.tucomarca.com\/wordpress\/segunda\/comienza-la-primera-semana-de-eliminatorias-del-campeonato-de-verano-de-futbol-sala-2022\/"},"modified":"2022-08-07T13:09:16","modified_gmt":"2022-08-07T11:09:16","slug":"comienza-la-primera-semana-de-eliminatorias-del-campeonato-de-verano-de-futbol-sala-2022","status":"publish","type":"post","link":"https:\/\/www.tucomarca.com\/wordpress\/segunda\/ca\/comienza-la-primera-semana-de-eliminatorias-del-campeonato-de-verano-de-futbol-sala-2022\/","title":{"rendered":"Comen\u00e7a la primera setmana d&#8217;eliminat\u00f2ries del Campionat d&#8217;Estiu de Futbol Sala 2022"},"content":{"rendered":"\n<p>Ja estan en marxa les eliminat\u00f2ries del Campionat d&#8217;Estiu de Futbol Sala 2022 que s&#8217;est\u00e0 jugant en el poliesportiu de la piscina, un campionat tan esperat, despr\u00e9s dels dos anys de pand\u00e8mia, com a reeixit en les nits de l&#8217;estiu bunyolense en el qual s&#8217;han congregat joves i majors cada nit per a gaudir d&#8217;aquest esport.<\/p>\n\n\n\n<figure class=\"wp-block-image size-large\"><img loading=\"lazy\" decoding=\"async\" width=\"1024\" height=\"652\" src=\"http:\/\/www.tucomarca.com\/wordpress\/segunda\/wp-content\/uploads\/2022\/08\/FutSalEliminatorias-1024x652.jpg\" alt=\"\" class=\"wp-image-163958\" srcset=\"https:\/\/www.tucomarca.com\/wordpress\/segunda\/wp-content\/uploads\/2022\/08\/FutSalEliminatorias-1024x652.jpg 1024w, https:\/\/www.tucomarca.com\/wordpress\/segunda\/wp-content\/uploads\/2022\/08\/FutSalEliminatorias-300x191.jpg 300w, https:\/\/www.tucomarca.com\/wordpress\/segunda\/wp-content\/uploads\/2022\/08\/FutSalEliminatorias-768x489.jpg 768w, https:\/\/www.tucomarca.com\/wordpress\/segunda\/wp-content\/uploads\/2022\/08\/FutSalEliminatorias.jpg 1181w\" sizes=\"auto, (max-width: 1024px) 100vw, 1024px\" \/><\/figure>\n\n\n\n<p>L&#8217;\u00faltima setmana de campionat ser\u00e0 del 22 al 27 d&#8217;agost, en la setmana pre-fires. Dins d&#8217;aquesta setmana el dimarts 23 d&#8217;agost es disputaran el tercer i quart lloc en les categories Mitjans (21.20 hores) i Lliure Mascul\u00ed (22.10 hores); i el dimecres 24 d&#8217;agost ser\u00e0 el torn de les finals: Xicotets (20.30 hores), Mitjans (21.20 hores), Majors (22.10 hores) i Lliure (23.00 hores).<\/p>\n","protected":false},"excerpt":{"rendered":"<div class=\"mh-excerpt\">Ja estan en marxa les eliminat\u00f2ries del Campionat d&#8217;Estiu de Futbol Sala 2022 que s&#8217;est\u00e0 jugant en el poliesportiu de la piscina, un campionat tan esperat, despr\u00e9s dels dos anys de pand\u00e8mia, com a reeixit <a class=\"mh-excerpt-more\" href=\"https:\/\/www.tucomarca.com\/wordpress\/segunda\/ca\/comienza-la-primera-semana-de-eliminatorias-del-campeonato-de-verano-de-futbol-sala-2022\/\" title=\"Comen\u00e7a la primera setmana d&#8217;eliminat\u00f2ries del Campionat d&#8217;Estiu de Futbol Sala 2022\">[+] <\/a><\/div>\n","protected":false},"author":12,"featured_media":91890,"comment_status":"open","ping_status":"open","sticky":false,"template":"","format":"standard","meta":{"footnotes":""},"categories":[10911,11003,11012,10894,10912,10896],"tags":[10913,17368,10914],"class_list":{"0":"post-163971","1":"post","2":"type-post","3":"status-publish","4":"format-standard","5":"has-post-thumbnail","7":"category-bunol-ca","8":"category-sports","9":"category-futbol-sala-ca","10":"category-la-comarca-ca","11":"category-la-hoya-ca","12":"category-seccion-ca","13":"tag-bunol-ca","14":"tag-campeonato-de-verano-de-futbol-sala-2022-ca","15":"tag-la-hoya-de-bunol-chiva-ca"},"_links":{"self":[{"href":"https:\/\/www.tucomarca.com\/wordpress\/segunda\/ca\/wp-json\/wp\/v2\/posts\/163971","targetHints":{"allow":["GET"]}}],"collection":[{"href":"https:\/\/www.tucomarca.com\/wordpress\/segunda\/ca\/wp-json\/wp\/v2\/posts"}],"about":[{"href":"https:\/\/www.tucomarca.com\/wordpress\/segunda\/ca\/wp-json\/wp\/v2\/types\/post"}],"author":[{"embeddable":true,"href":"https:\/\/www.tucomarca.com\/wordpress\/segunda\/ca\/wp-json\/wp\/v2\/users\/12"}],"replies":[{"embeddable":true,"href":"https:\/\/www.tucomarca.com\/wordpress\/segunda\/ca\/wp-json\/wp\/v2\/comments?post=163971"}],"version-history":[{"count":0,"href":"https:\/\/www.tucomarca.com\/wordpress\/segunda\/ca\/wp-json\/wp\/v2\/posts\/163971\/revisions"}],"wp:featuredmedia":[{"embeddable":true,"href":"https:\/\/www.tucomarca.com\/wordpress\/segunda\/ca\/wp-json\/wp\/v2\/media\/91890"}],"wp:attachment":[{"href":"https:\/\/www.tucomarca.com\/wordpress\/segunda\/ca\/wp-json\/wp\/v2\/media?parent=163971"}],"wp:term":[{"taxonomy":"category","embeddable":true,"href":"https:\/\/www.tucomarca.com\/wordpress\/segunda\/ca\/wp-json\/wp\/v2\/categories?post=163971"},{"taxonomy":"post_tag","embeddable":true,"href":"https:\/\/www.tucomarca.com\/wordpress\/segunda\/ca\/wp-json\/wp\/v2\/tags?post=163971"}],"curies":[{"name":"wp","href":"https:\/\/api.w.org\/{rel}","templated":true}]}}