{"id":164189,"date":"2022-08-11T09:00:00","date_gmt":"2022-08-11T07:00:00","guid":{"rendered":"http:\/\/www.tucomarca.com\/wordpress\/segunda\/?p=164189"},"modified":"2022-08-11T10:52:25","modified_gmt":"2022-08-11T08:52:25","slug":"godelleta-acull-la-quarta-etapa-del-gir-moscato-despres-de-travessar-alboraig-xiva-i-iatova-per-a-finalitzar-a-xest","status":"publish","type":"post","link":"https:\/\/www.tucomarca.com\/wordpress\/segunda\/ca\/godelleta-acull-la-quarta-etapa-del-gir-moscato-despres-de-travessar-alboraig-xiva-i-iatova-per-a-finalitzar-a-xest\/","title":{"rendered":"Godelleta acull la quarta etapa del Gir Moscato despr\u00e9s de travessar Alboraig, Xiva i I\u00e0tova per a finalitzar a Xest"},"content":{"rendered":"\n<figure class=\"wp-block-gallery columns-1 is-cropped wp-block-gallery-1 is-layout-flex wp-block-gallery-is-layout-flex\"><ul class=\"blocks-gallery-grid\"><li class=\"blocks-gallery-item\"><figure><img loading=\"lazy\" decoding=\"async\" width=\"1024\" height=\"682\" src=\"http:\/\/www.tucomarca.com\/wordpress\/segunda\/wp-content\/uploads\/2022\/08\/GodelletaMoscato2-1024x682.jpg\" alt=\"\" data-id=\"164184\" data-full-url=\"http:\/\/www.tucomarca.com\/wordpress\/segunda\/wp-content\/uploads\/2022\/08\/GodelletaMoscato2.jpg\" data-link=\"http:\/\/www.tucomarca.com\/wordpress\/segunda\/?attachment_id=164184\" class=\"wp-image-164184\" srcset=\"https:\/\/www.tucomarca.com\/wordpress\/segunda\/wp-content\/uploads\/2022\/08\/GodelletaMoscato2-1024x682.jpg 1024w, https:\/\/www.tucomarca.com\/wordpress\/segunda\/wp-content\/uploads\/2022\/08\/GodelletaMoscato2-300x200.jpg 300w, https:\/\/www.tucomarca.com\/wordpress\/segunda\/wp-content\/uploads\/2022\/08\/GodelletaMoscato2-768x511.jpg 768w, https:\/\/www.tucomarca.com\/wordpress\/segunda\/wp-content\/uploads\/2022\/08\/GodelletaMoscato2.jpg 1181w\" sizes=\"auto, (max-width: 1024px) 100vw, 1024px\" \/><\/figure><\/li><\/ul><\/figure>\n\n\n\n<p>El Gir del Moscato, un nom ic\u00f2nic per a aquesta carrera per etapes, que naix de la mescla entre ciclisme i agricultura, ofici ancestral i que hui dia, segueix com a predominant en la Foia de Bunyol.<\/p>\n\n\n\n<p>La campanya de la verema \u00e9s una de les m\u00e9s importants del nostre territori i dins d&#8217;aquesta, el nom que ressalta entre els altres, \u00e9s el del Moscatell: varietat t\u00edpica i predominant de la nostra comarca, que ha anat donant a con\u00e9ixer als nostres municipis per les seues varietats de vins blancs, misteles i espumosos de moscatell.<\/p>\n\n\n\n<p>Godelleta ha acollit la 4a etapa del Moscato aquest passat 8 d&#8217;agost. &#8220;Aquesta prova significa que l&#8217;esport i els h\u00e0bits saludables estan patents a la comarca, que l&#8217;esfor\u00e7 i la necessitat de superaci\u00f3 mitjan\u00e7ant la competici\u00f3 forma part dels nostres haceres, que la fatiga i el treball tenen com a resultat valors incalculables. El recorregut pel nostre municipi mostra les nostres virtuts, un entorn verd i natural, al llarg d&#8217;ell s&#8217;albira els esfor\u00e7os que realitzen di\u00e0riament els nostres professionals de l&#8217;agricultura, solcs rectes i verds diferents per les moltes varietats de productes agr\u00edcoles que es cultiven&#8221; expressava el seu alcalde, Rafa Fora.&nbsp;<\/p>\n\n\n\n<p>El Gir Moscato que consta de 6 etapes, va comen\u00e7ar a Alboraig-I\u00e0tova el passat 2 d&#8217;agost i finalitzar\u00e0 a Xest divendres 12 d&#8217;agost.<\/p>\n","protected":false},"excerpt":{"rendered":"<div class=\"mh-excerpt\">El Gir del Moscato, un nom ic\u00f2nic per a aquesta carrera per etapes, que naix de la mescla entre ciclisme i agricultura, ofici ancestral i que hui dia, segueix com a predominant en la Foia <a class=\"mh-excerpt-more\" href=\"https:\/\/www.tucomarca.com\/wordpress\/segunda\/ca\/godelleta-acull-la-quarta-etapa-del-gir-moscato-despres-de-travessar-alboraig-xiva-i-iatova-per-a-finalitzar-a-xest\/\" title=\"Godelleta acull la quarta etapa del Gir Moscato despr\u00e9s de travessar Alboraig, Xiva i I\u00e0tova per a finalitzar a Xest\">[+] <\/a><\/div>\n","protected":false},"author":12,"featured_media":164183,"comment_status":"open","ping_status":"open","sticky":false,"template":"","format":"standard","meta":{"footnotes":""},"categories":[10973,11013,11003,10977,10980,10894,10912,10978,10896,10974,10975],"tags":[11224,11071,11195,15444,11087,10914,11144,11141],"class_list":{"0":"post-164189","1":"post","2":"type-post","3":"status-publish","4":"format-standard","5":"has-post-thumbnail","7":"category-alborache-ca","8":"category-ciclismo-ca","9":"category-sports","10":"category-godelleta-ca","11":"category-yatova-ca","12":"category-la-comarca-ca","13":"category-la-hoya-ca","14":"category-macastre-ca","15":"category-seccion-ca","16":"category-cheste-ca","17":"category-chiva-ca","18":"tag-alborache-ca","19":"tag-cheste","20":"tag-chiva-ca","21":"tag-giro-moscato-ca","22":"tag-godelleta-ca","23":"tag-la-hoya-de-bunol-chiva-ca","24":"tag-macastre-ca","25":"tag-yatova-ca"},"_links":{"self":[{"href":"https:\/\/www.tucomarca.com\/wordpress\/segunda\/ca\/wp-json\/wp\/v2\/posts\/164189","targetHints":{"allow":["GET"]}}],"collection":[{"href":"https:\/\/www.tucomarca.com\/wordpress\/segunda\/ca\/wp-json\/wp\/v2\/posts"}],"about":[{"href":"https:\/\/www.tucomarca.com\/wordpress\/segunda\/ca\/wp-json\/wp\/v2\/types\/post"}],"author":[{"embeddable":true,"href":"https:\/\/www.tucomarca.com\/wordpress\/segunda\/ca\/wp-json\/wp\/v2\/users\/12"}],"replies":[{"embeddable":true,"href":"https:\/\/www.tucomarca.com\/wordpress\/segunda\/ca\/wp-json\/wp\/v2\/comments?post=164189"}],"version-history":[{"count":0,"href":"https:\/\/www.tucomarca.com\/wordpress\/segunda\/ca\/wp-json\/wp\/v2\/posts\/164189\/revisions"}],"wp:featuredmedia":[{"embeddable":true,"href":"https:\/\/www.tucomarca.com\/wordpress\/segunda\/ca\/wp-json\/wp\/v2\/media\/164183"}],"wp:attachment":[{"href":"https:\/\/www.tucomarca.com\/wordpress\/segunda\/ca\/wp-json\/wp\/v2\/media?parent=164189"}],"wp:term":[{"taxonomy":"category","embeddable":true,"href":"https:\/\/www.tucomarca.com\/wordpress\/segunda\/ca\/wp-json\/wp\/v2\/categories?post=164189"},{"taxonomy":"post_tag","embeddable":true,"href":"https:\/\/www.tucomarca.com\/wordpress\/segunda\/ca\/wp-json\/wp\/v2\/tags?post=164189"}],"curies":[{"name":"wp","href":"https:\/\/api.w.org\/{rel}","templated":true}]}}