{"id":164216,"date":"2022-08-10T08:08:00","date_gmt":"2022-08-10T06:08:00","guid":{"rendered":"http:\/\/www.tucomarca.com\/wordpress\/segunda\/?p=164216"},"modified":"2022-08-10T14:40:27","modified_gmt":"2022-08-10T12:40:27","slug":"la-ud-la-foia-cf-juga-un-partit-de-festes-a-iatova-i-un-altre-solidari-a-macastre","status":"publish","type":"post","link":"https:\/\/www.tucomarca.com\/wordpress\/segunda\/ca\/la-ud-la-foia-cf-juga-un-partit-de-festes-a-iatova-i-un-altre-solidari-a-macastre\/","title":{"rendered":"La UD La Foia CF juga un partit de Festes a I\u00e0tova i un altre solidari a Macastre"},"content":{"rendered":"\n<p>El pr\u00f2xim 22 d&#8217;agost, a les 19,00 hores, la UD La Foia CF jugar\u00e0 el partit de festes d&#8217;I\u00e0tova contra el Riba-roja de T\u00faria CF en el camp Font de la Salut de la localitat.<\/p>\n\n\n\n<figure class=\"wp-block-image size-large\"><img loading=\"lazy\" decoding=\"async\" width=\"1024\" height=\"576\" src=\"http:\/\/www.tucomarca.com\/wordpress\/segunda\/wp-content\/uploads\/2022\/08\/UDManco2-1024x576.jpg\" alt=\"\" class=\"wp-image-164210\" srcset=\"https:\/\/www.tucomarca.com\/wordpress\/segunda\/wp-content\/uploads\/2022\/08\/UDManco2-1024x576.jpg 1024w, https:\/\/www.tucomarca.com\/wordpress\/segunda\/wp-content\/uploads\/2022\/08\/UDManco2-300x169.jpg 300w, https:\/\/www.tucomarca.com\/wordpress\/segunda\/wp-content\/uploads\/2022\/08\/UDManco2-768x432.jpg 768w, https:\/\/www.tucomarca.com\/wordpress\/segunda\/wp-content\/uploads\/2022\/08\/UDManco2-1536x864.jpg 1536w, https:\/\/www.tucomarca.com\/wordpress\/segunda\/wp-content\/uploads\/2022\/08\/UDManco2-678x381.jpg 678w, https:\/\/www.tucomarca.com\/wordpress\/segunda\/wp-content\/uploads\/2022\/08\/UDManco2.jpg 1599w\" sizes=\"auto, (max-width: 1024px) 100vw, 1024px\" \/><\/figure>\n\n\n\n<p><br>Aix\u00ed mateix, el dia 26 d&#8217;agost, a les 19,00 hores, la cita esportiva ser\u00e0 en el camp Quatre Camins de Macastre, en un partit solidari de l&#8217;equip juvenil contra l&#8217;Evang\u00e8lic CF. En aquesta trobada es recolliran aliments no peribles i roba esportiva.<\/p>\n","protected":false},"excerpt":{"rendered":"<div class=\"mh-excerpt\">El pr\u00f2xim 22 d&#8217;agost, a les 19,00 hores, la UD La Foia CF jugar\u00e0 el partit de festes d&#8217;I\u00e0tova contra el Riba-roja de T\u00faria CF en el camp Font de la Salut de la localitat. <a class=\"mh-excerpt-more\" href=\"https:\/\/www.tucomarca.com\/wordpress\/segunda\/ca\/la-ud-la-foia-cf-juga-un-partit-de-festes-a-iatova-i-un-altre-solidari-a-macastre\/\" title=\"La UD La Foia CF juga un partit de Festes a I\u00e0tova i un altre solidari a Macastre\">[+] <\/a><\/div>\n","protected":false},"author":12,"featured_media":164213,"comment_status":"open","ping_status":"open","sticky":false,"template":"","format":"standard","meta":{"footnotes":""},"categories":[11015,11003,10980,10894,10912,10978,10896],"tags":[17541,17238],"class_list":{"0":"post-164216","1":"post","2":"type-post","3":"status-publish","4":"format-standard","5":"has-post-thumbnail","7":"category-canal-futbol","8":"category-sports","9":"category-yatova-ca","10":"category-la-comarca-ca","11":"category-la-hoya-ca","12":"category-macastre-ca","13":"category-seccion-ca","14":"tag-las-hoya-de-bunol-chiva-ca","15":"tag-ud-mancomunidad-la-hoya-ca"},"_links":{"self":[{"href":"https:\/\/www.tucomarca.com\/wordpress\/segunda\/ca\/wp-json\/wp\/v2\/posts\/164216","targetHints":{"allow":["GET"]}}],"collection":[{"href":"https:\/\/www.tucomarca.com\/wordpress\/segunda\/ca\/wp-json\/wp\/v2\/posts"}],"about":[{"href":"https:\/\/www.tucomarca.com\/wordpress\/segunda\/ca\/wp-json\/wp\/v2\/types\/post"}],"author":[{"embeddable":true,"href":"https:\/\/www.tucomarca.com\/wordpress\/segunda\/ca\/wp-json\/wp\/v2\/users\/12"}],"replies":[{"embeddable":true,"href":"https:\/\/www.tucomarca.com\/wordpress\/segunda\/ca\/wp-json\/wp\/v2\/comments?post=164216"}],"version-history":[{"count":0,"href":"https:\/\/www.tucomarca.com\/wordpress\/segunda\/ca\/wp-json\/wp\/v2\/posts\/164216\/revisions"}],"wp:featuredmedia":[{"embeddable":true,"href":"https:\/\/www.tucomarca.com\/wordpress\/segunda\/ca\/wp-json\/wp\/v2\/media\/164213"}],"wp:attachment":[{"href":"https:\/\/www.tucomarca.com\/wordpress\/segunda\/ca\/wp-json\/wp\/v2\/media?parent=164216"}],"wp:term":[{"taxonomy":"category","embeddable":true,"href":"https:\/\/www.tucomarca.com\/wordpress\/segunda\/ca\/wp-json\/wp\/v2\/categories?post=164216"},{"taxonomy":"post_tag","embeddable":true,"href":"https:\/\/www.tucomarca.com\/wordpress\/segunda\/ca\/wp-json\/wp\/v2\/tags?post=164216"}],"curies":[{"name":"wp","href":"https:\/\/api.w.org\/{rel}","templated":true}]}}