{"id":164241,"date":"2022-08-11T08:00:00","date_gmt":"2022-08-11T06:00:00","guid":{"rendered":"http:\/\/www.tucomarca.com\/wordpress\/segunda\/?p=164241"},"modified":"2022-08-11T11:04:12","modified_gmt":"2022-08-11T09:04:12","slug":"ava-asaja-reclama-ajudes-per-la-sequera-que-assota-les-produccions-a-linterior-de-la-comunitat-valenciana","status":"publish","type":"post","link":"https:\/\/www.tucomarca.com\/wordpress\/segunda\/ca\/ava-asaja-reclama-ajudes-per-la-sequera-que-assota-les-produccions-a-linterior-de-la-comunitat-valenciana\/","title":{"rendered":"AVA-Asaja reclama ajudes per la sequera que assota les produccions a l&#8217;interior de la Comunitat Valenciana"},"content":{"rendered":"\n<p>L&#8217;Associaci\u00f3 Valenciana d&#8217;Agricultors (AVA-ASAJA) reclama tant al Govern central com a la Generalitat Valenciana una l\u00ednia especial d&#8217;ajudes destinada a alleujar les p\u00e8rdues de producci\u00f3 i els sobrecostos econ\u00f2mics ocasionats per la sequera que assota al sector agrari de la Comunitat Valenciana.<br>L&#8217;organitzaci\u00f3 agr\u00e0ria destaca les dram\u00e0tiques conseq\u00fc\u00e8ncies que comporta la falta de pluges i les altes temperatures durant tot l&#8217;estiu en els cultius de sec\u00e0, que no disposen ni tan sols de regs de suport, a les comarques interiors de Val\u00e8ncia i Castell\u00f3. Segons estimacions de AVA-ASAJA, la sequera \u00e9s la principal causa del descens d&#8217;almenys un 25% que experimentar\u00e0 la producci\u00f3 de ra\u00efm respecte a l&#8217;any passat a Utiel-Requena, la primera zona productora de vi de la Comunitat Valenciana. Despr\u00e9s d&#8217;una primavera amb gelades i pluges persistents, la sequera estival tamb\u00e9 ha agreujat les perspectives d&#8217;altres cultius de l&#8217;interior com l&#8217;ametler i l&#8217;olivar, on la caiguda de producci\u00f3 superar\u00e0 el 70% en l&#8217;\u00e0mbit auton\u00f2mic.<br>No obstant aix\u00f2, AVA-ASAJA alerta aix\u00ed mateix de les negatives repercussions que la calor est\u00e0 provocant sobre els cultius de regadiu, ja que productors de c\u00edtrics, caquis, alvocats, xufes o hortalisses es veuen obligats a assumir majors sobrecostos per a regar les explotacions i combatre les plagues i malalties que troben en aquest clima unes condicions \u00f2ptimes per a la seua proliferaci\u00f3. L&#8217;associaci\u00f3 ja va denunciar que les factures dels regants han arribat a duplicar-se en un any a conseq\u00fc\u00e8ncia de les pujades de preu en les renovacions dels contractes, que inclouen un c\u00e0rrec addicional derivat del topall al gas.<br>El president de AVA-ASAJA, Crist\u00f3bal Aguado, afirma que \u201cla sequera i la inflaci\u00f3 formen un c\u00f2ctel ru\u00efn\u00f3s que posa en perill la viabilitat de milers de camps i granges en tota Espanya, tamb\u00e9 en la Comunitat Valenciana malgrat haver tingut una primavera molt plujosa. \u00c9s necessari que les nostres administracions, igual que ja han fet unes altres d&#8217;Europa, es posen les piles i adopten mesures conjunturals i estructurals que garantisquen una sostenibilitat econ\u00f2mica de les explotacions agropecu\u00e0ries. Perqu\u00e8 si continuen sense aportar solucions al camp, s&#8217;accelerar\u00e0 la taca marr\u00f3 dels camps abandonats, l&#8217;envelliment de la poblaci\u00f3 agr\u00e0ria i la falta de relleu generacional\u201d. Informa, <strong>Luis Ib\u00e1\u00f1ez<\/strong>.<\/p>\n","protected":false},"excerpt":{"rendered":"<div class=\"mh-excerpt\">L&#8217;Associaci\u00f3 Valenciana d&#8217;Agricultors (AVA-ASAJA) reclama tant al Govern central com a la Generalitat Valenciana una l\u00ednia especial d&#8217;ajudes destinada a alleujar les p\u00e8rdues de producci\u00f3 i els sobrecostos econ\u00f2mics ocasionats per la sequera que assota <a class=\"mh-excerpt-more\" href=\"https:\/\/www.tucomarca.com\/wordpress\/segunda\/ca\/ava-asaja-reclama-ajudes-per-la-sequera-que-assota-les-produccions-a-linterior-de-la-comunitat-valenciana\/\" title=\"AVA-Asaja reclama ajudes per la sequera que assota les produccions a l&#8217;interior de la Comunitat Valenciana\">[+] <\/a><\/div>\n","protected":false},"author":1,"featured_media":164237,"comment_status":"open","ping_status":"open","sticky":false,"template":"","format":"standard","meta":{"footnotes":""},"categories":[10905,10892,11006,11046,10898,10948,10894,10904,10912,10902,10947,10909,10896],"tags":[11924,13821,10910,15297],"class_list":{"0":"post-164241","1":"post","2":"type-post","3":"status-publish","4":"format-standard","5":"has-post-thumbnail","7":"category-agricultura-la-comarca-ca","8":"category-camp-de-turia-ca","9":"category-canal-vinos","10":"category-los-serranos-ca","11":"category-ventana-ca","12":"category-infraestructuras-ca","13":"category-la-comarca-ca","14":"category-sin-categorizar-ca","15":"category-la-hoya-ca","16":"category-la-ribera-ca","17":"category-politica","18":"category-requena-utiel-ca","19":"category-seccion-ca","20":"tag-ava-asaja-ca","21":"tag-ayudas-ca","22":"tag-requena-utiel-ca","23":"tag-uvas-ca"},"_links":{"self":[{"href":"https:\/\/www.tucomarca.com\/wordpress\/segunda\/ca\/wp-json\/wp\/v2\/posts\/164241","targetHints":{"allow":["GET"]}}],"collection":[{"href":"https:\/\/www.tucomarca.com\/wordpress\/segunda\/ca\/wp-json\/wp\/v2\/posts"}],"about":[{"href":"https:\/\/www.tucomarca.com\/wordpress\/segunda\/ca\/wp-json\/wp\/v2\/types\/post"}],"author":[{"embeddable":true,"href":"https:\/\/www.tucomarca.com\/wordpress\/segunda\/ca\/wp-json\/wp\/v2\/users\/1"}],"replies":[{"embeddable":true,"href":"https:\/\/www.tucomarca.com\/wordpress\/segunda\/ca\/wp-json\/wp\/v2\/comments?post=164241"}],"version-history":[{"count":0,"href":"https:\/\/www.tucomarca.com\/wordpress\/segunda\/ca\/wp-json\/wp\/v2\/posts\/164241\/revisions"}],"wp:featuredmedia":[{"embeddable":true,"href":"https:\/\/www.tucomarca.com\/wordpress\/segunda\/ca\/wp-json\/wp\/v2\/media\/164237"}],"wp:attachment":[{"href":"https:\/\/www.tucomarca.com\/wordpress\/segunda\/ca\/wp-json\/wp\/v2\/media?parent=164241"}],"wp:term":[{"taxonomy":"category","embeddable":true,"href":"https:\/\/www.tucomarca.com\/wordpress\/segunda\/ca\/wp-json\/wp\/v2\/categories?post=164241"},{"taxonomy":"post_tag","embeddable":true,"href":"https:\/\/www.tucomarca.com\/wordpress\/segunda\/ca\/wp-json\/wp\/v2\/tags?post=164241"}],"curies":[{"name":"wp","href":"https:\/\/api.w.org\/{rel}","templated":true}]}}