{"id":164465,"date":"2022-08-13T16:01:00","date_gmt":"2022-08-13T14:01:00","guid":{"rendered":"http:\/\/www.tucomarca.com\/wordpress\/segunda\/?p=164465"},"modified":"2022-08-13T18:04:13","modified_gmt":"2022-08-13T16:04:13","slug":"la-policia-local-de-bunyol-demana-precaucio-davant-la-situacio-dalerta-per-forts-vents","status":"publish","type":"post","link":"https:\/\/www.tucomarca.com\/wordpress\/segunda\/ca\/la-policia-local-de-bunyol-demana-precaucio-davant-la-situacio-dalerta-per-forts-vents\/","title":{"rendered":"La Policia Local de Bunyol demana precauci\u00f3 davant la situaci\u00f3 d&#8217;alerta per forts vents"},"content":{"rendered":"\n<p>La Policia Local de Bunyol s&#8217;ha fet eco de l&#8217;AV\u00cdS ESPECIAL del Centre de Coordinaci\u00f3 d&#8217;Emerg\u00e8ncies davant la situaci\u00f3 de preemerg\u00e8ncia per l&#8217;alteraci\u00f3 en el clima degut a les temperatures extremadament altes en la zona de Val\u00e8ncia, ha demanat precauci\u00f3 i ha em\u00e9s una s\u00e8rie de recomanacions davant aquesta situaci\u00f3:<\/p>\n\n\n\n<figure class=\"wp-block-image size-large\"><img loading=\"lazy\" decoding=\"async\" width=\"734\" height=\"1024\" src=\"http:\/\/www.tucomarca.com\/wordpress\/segunda\/wp-content\/uploads\/2022\/08\/PoliciaLocalBunol-734x1024.jpg\" alt=\"\" class=\"wp-image-164461\" srcset=\"https:\/\/www.tucomarca.com\/wordpress\/segunda\/wp-content\/uploads\/2022\/08\/PoliciaLocalBunol-734x1024.jpg 734w, https:\/\/www.tucomarca.com\/wordpress\/segunda\/wp-content\/uploads\/2022\/08\/PoliciaLocalBunol-215x300.jpg 215w, https:\/\/www.tucomarca.com\/wordpress\/segunda\/wp-content\/uploads\/2022\/08\/PoliciaLocalBunol.jpg 750w\" sizes=\"auto, (max-width: 734px) 100vw, 734px\" \/><\/figure>\n","protected":false},"excerpt":{"rendered":"<div class=\"mh-excerpt\">La Policia Local de Bunyol s&#8217;ha fet eco de l&#8217;AV\u00cdS ESPECIAL del Centre de Coordinaci\u00f3 d&#8217;Emerg\u00e8ncies davant la situaci\u00f3 de preemerg\u00e8ncia per l&#8217;alteraci\u00f3 en el clima degut a les temperatures extremadament altes en la zona <a class=\"mh-excerpt-more\" href=\"https:\/\/www.tucomarca.com\/wordpress\/segunda\/ca\/la-policia-local-de-bunyol-demana-precaucio-davant-la-situacio-dalerta-per-forts-vents\/\" title=\"La Policia Local de Bunyol demana precauci\u00f3 davant la situaci\u00f3 d&#8217;alerta per forts vents\">[+] <\/a><\/div>\n","protected":false},"author":1,"featured_media":164462,"comment_status":"open","ping_status":"open","sticky":false,"template":"","format":"standard","meta":{"footnotes":""},"categories":[10911,10948,10894,10904,10912,10903,10896,10897],"tags":[10913,17657,10914,13134],"class_list":{"0":"post-164465","1":"post","2":"type-post","3":"status-publish","4":"format-standard","5":"has-post-thumbnail","7":"category-bunol-ca","8":"category-infraestructuras-ca","9":"category-la-comarca-ca","10":"category-sin-categorizar-ca","11":"category-la-hoya-ca","12":"category-medio-ambiente-la-comarca-ca","13":"category-seccion-ca","14":"category-sucesos-la-comarca-ca","15":"tag-bunol-ca","16":"tag-emergencia-ca","17":"tag-la-hoya-de-bunol-chiva-ca","18":"tag-tormentas-ca"},"_links":{"self":[{"href":"https:\/\/www.tucomarca.com\/wordpress\/segunda\/ca\/wp-json\/wp\/v2\/posts\/164465","targetHints":{"allow":["GET"]}}],"collection":[{"href":"https:\/\/www.tucomarca.com\/wordpress\/segunda\/ca\/wp-json\/wp\/v2\/posts"}],"about":[{"href":"https:\/\/www.tucomarca.com\/wordpress\/segunda\/ca\/wp-json\/wp\/v2\/types\/post"}],"author":[{"embeddable":true,"href":"https:\/\/www.tucomarca.com\/wordpress\/segunda\/ca\/wp-json\/wp\/v2\/users\/1"}],"replies":[{"embeddable":true,"href":"https:\/\/www.tucomarca.com\/wordpress\/segunda\/ca\/wp-json\/wp\/v2\/comments?post=164465"}],"version-history":[{"count":0,"href":"https:\/\/www.tucomarca.com\/wordpress\/segunda\/ca\/wp-json\/wp\/v2\/posts\/164465\/revisions"}],"wp:featuredmedia":[{"embeddable":true,"href":"https:\/\/www.tucomarca.com\/wordpress\/segunda\/ca\/wp-json\/wp\/v2\/media\/164462"}],"wp:attachment":[{"href":"https:\/\/www.tucomarca.com\/wordpress\/segunda\/ca\/wp-json\/wp\/v2\/media?parent=164465"}],"wp:term":[{"taxonomy":"category","embeddable":true,"href":"https:\/\/www.tucomarca.com\/wordpress\/segunda\/ca\/wp-json\/wp\/v2\/categories?post=164465"},{"taxonomy":"post_tag","embeddable":true,"href":"https:\/\/www.tucomarca.com\/wordpress\/segunda\/ca\/wp-json\/wp\/v2\/tags?post=164465"}],"curies":[{"name":"wp","href":"https:\/\/api.w.org\/{rel}","templated":true}]}}