{"id":164490,"date":"2022-08-15T10:00:00","date_gmt":"2022-08-15T08:00:00","guid":{"rendered":"http:\/\/www.tucomarca.com\/wordpress\/segunda\/?p=164490"},"modified":"2022-08-16T13:59:57","modified_gmt":"2022-08-16T11:59:57","slug":"el-prya-denuncia-un-retard-de-8-mesos-en-lobra-de-rehabilitacio-de-la-pista-datletisme","status":"publish","type":"post","link":"https:\/\/www.tucomarca.com\/wordpress\/segunda\/ca\/el-prya-denuncia-un-retard-de-8-mesos-en-lobra-de-rehabilitacio-de-la-pista-datletisme\/","title":{"rendered":"El PRyA den\u00fancia un retard de 8 mesos en l&#8217;obra de rehabilitaci\u00f3 de la pista d&#8217;atletisme"},"content":{"rendered":"\n<p><strong>Des del PRyA exigen &#8220;al govern socialista de Mario S\u00e1nchez que done explicacions als requenenses sobre els motius en el retard de les obres de la pista d&#8217;atletisme<\/strong>&#8220;.<\/p>\n\n\n\n<p>&#8220;Fa un any que van comen\u00e7ar les obres de rehabilitaci\u00f3 de la pista d&#8217;atletisme de Requena, les quals haurien d&#8217;haver concl\u00f2s el mes de novembre. Doncs b\u00e9, 8 mesos despr\u00e9s de la previsi\u00f3 de finalitzaci\u00f3 de l&#8217;obra, aquestes segueixen sense concloure&#8221;, segons el PRyA.\u00a0<\/p>\n\n\n\n<p>Des del PRyA volen &#8220;fer p\u00fablic que els retards en la finalitzaci\u00f3 d&#8217;obres s\u00f3n constants amb el govern socialista de Mario S\u00e1nchez, incomplint-se aix\u00ed els contractes signats per a l&#8217;execuci\u00f3 d&#8217;aquestes&#8221;.\u00a0<\/p>\n\n\n\n<p>&#8220;Per\u00f2 els m\u00e9s afectats s\u00f3n els requenenses, que no poden utilitzar la pista d&#8217;atletisme despr\u00e9s de mesos de retard en l&#8217;obra i, el m\u00e9s denigrant, \u00e9s que el govern de PSOE i Podemos guarda silenci sense donar la m\u00e9s m\u00ednima explicaci\u00f3 als usuaris d&#8217;aquesta pista esportiva&#8221;.\u00a0<\/p>\n\n\n\n<p>Des del PRyA sol\u00b7liciten &#8220;informaci\u00f3 a l&#8217;Ajuntament a principis d&#8217;enguany i ens van dir que en breu estarien acabades les obres de la pista d&#8217;atletisme. Veient que tot seguia igual, hem tornat a preguntar sobre la pista d&#8217;atletisme tots els mesos i les respostes sempre han sigut similars. Doncs b\u00e9, passen els mesos i els requenenses segueixen sense poder utilitzar la pista d&#8217;atletisme&#8221;.<\/p>\n\n\n\n<p>&#8220;La inacci\u00f3 i el bloqueig al qual t\u00e9 sotm\u00e9s a tot el municipi el govern socialista de Mario S\u00e1nchez \u00e9s preocupant i perjudicial per als requenenses, perqu\u00e8 els retards en el lliurament d&#8217;obres s\u00f3n constants com en la reforma del parc situat al costat de l&#8217;Avinguda Reines, el roc\u00f2drom o l&#8217;edifici annex al pavell\u00f3 de Sant Antoni. La inoper\u00e0ncia i deixadesa del govern de PSOE i Podemos perjudica els requenenses mes rere mes&#8221;.<\/p>\n\n\n\n<p>Des del PRyA exigen &#8220;al govern socialista de Mario S\u00e1nchez que done explicacions als requenenses sobre els motius en el retard de les obres de la pista d&#8217;atletisme, quan es procedir\u00e0 a la seua reobertura i les mesures que prendr\u00e0 amb els responsables d&#8217;aquest retard&#8221;.<\/p>\n","protected":false},"excerpt":{"rendered":"<div class=\"mh-excerpt\">Des del PRyA exigen &#8220;al govern socialista de Mario S\u00e1nchez que done explicacions als requenenses sobre els motius en el retard de les obres de la pista d&#8217;atletisme&#8220;. &#8220;Fa un any que van comen\u00e7ar les <a class=\"mh-excerpt-more\" href=\"https:\/\/www.tucomarca.com\/wordpress\/segunda\/ca\/el-prya-denuncia-un-retard-de-8-mesos-en-lobra-de-rehabilitacio-de-la-pista-datletisme\/\" title=\"El PRyA den\u00fancia un retard de 8 mesos en l&#8217;obra de rehabilitaci\u00f3 de la pista d&#8217;atletisme\">[+] <\/a><\/div>\n","protected":false},"author":13,"featured_media":71783,"comment_status":"open","ping_status":"open","sticky":false,"template":"","format":"standard","meta":{"footnotes":""},"categories":[10948,10894,10947,10908,10909,10896],"tags":[12903,11140,12796,11099,10910],"class_list":{"0":"post-164490","1":"post","2":"type-post","3":"status-publish","4":"format-standard","5":"has-post-thumbnail","7":"category-infraestructuras-ca","8":"category-la-comarca-ca","9":"category-politica","10":"category-requena-ca","11":"category-requena-utiel-ca","12":"category-seccion-ca","13":"tag-infraestructuras-ca","14":"tag-politica-ca","15":"tag-prya-ca","16":"tag-requena-ca","17":"tag-requena-utiel-ca"},"_links":{"self":[{"href":"https:\/\/www.tucomarca.com\/wordpress\/segunda\/ca\/wp-json\/wp\/v2\/posts\/164490","targetHints":{"allow":["GET"]}}],"collection":[{"href":"https:\/\/www.tucomarca.com\/wordpress\/segunda\/ca\/wp-json\/wp\/v2\/posts"}],"about":[{"href":"https:\/\/www.tucomarca.com\/wordpress\/segunda\/ca\/wp-json\/wp\/v2\/types\/post"}],"author":[{"embeddable":true,"href":"https:\/\/www.tucomarca.com\/wordpress\/segunda\/ca\/wp-json\/wp\/v2\/users\/13"}],"replies":[{"embeddable":true,"href":"https:\/\/www.tucomarca.com\/wordpress\/segunda\/ca\/wp-json\/wp\/v2\/comments?post=164490"}],"version-history":[{"count":0,"href":"https:\/\/www.tucomarca.com\/wordpress\/segunda\/ca\/wp-json\/wp\/v2\/posts\/164490\/revisions"}],"wp:featuredmedia":[{"embeddable":true,"href":"https:\/\/www.tucomarca.com\/wordpress\/segunda\/ca\/wp-json\/wp\/v2\/media\/71783"}],"wp:attachment":[{"href":"https:\/\/www.tucomarca.com\/wordpress\/segunda\/ca\/wp-json\/wp\/v2\/media?parent=164490"}],"wp:term":[{"taxonomy":"category","embeddable":true,"href":"https:\/\/www.tucomarca.com\/wordpress\/segunda\/ca\/wp-json\/wp\/v2\/categories?post=164490"},{"taxonomy":"post_tag","embeddable":true,"href":"https:\/\/www.tucomarca.com\/wordpress\/segunda\/ca\/wp-json\/wp\/v2\/tags?post=164490"}],"curies":[{"name":"wp","href":"https:\/\/api.w.org\/{rel}","templated":true}]}}