{"id":165174,"date":"2022-08-22T18:15:00","date_gmt":"2022-08-22T16:15:00","guid":{"rendered":"http:\/\/www.tucomarca.com\/wordpress\/segunda\/?p=165174"},"modified":"2022-08-22T23:55:42","modified_gmt":"2022-08-22T21:55:42","slug":"bunyol-es-bolca-amb-la-xxv-carrera-de-fira-i-festes-homenatge-a-raquel-lavilla","status":"publish","type":"post","link":"https:\/\/www.tucomarca.com\/wordpress\/segunda\/ca\/bunyol-es-bolca-amb-la-xxv-carrera-de-fira-i-festes-homenatge-a-raquel-lavilla\/","title":{"rendered":"Bunyol es bolca amb la XXV Carrera de Fira i Festes Homenatge a Raquel Lavilla"},"content":{"rendered":"\n<figure class=\"wp-block-image size-large\"><img loading=\"lazy\" decoding=\"async\" width=\"1024\" height=\"323\" src=\"http:\/\/www.tucomarca.com\/wordpress\/segunda\/wp-content\/uploads\/2022\/08\/reunionCarrera01-1-1024x323.jpg\" alt=\"\" class=\"wp-image-165171\" srcset=\"https:\/\/www.tucomarca.com\/wordpress\/segunda\/wp-content\/uploads\/2022\/08\/reunionCarrera01-1-1024x323.jpg 1024w, https:\/\/www.tucomarca.com\/wordpress\/segunda\/wp-content\/uploads\/2022\/08\/reunionCarrera01-1-300x95.jpg 300w, https:\/\/www.tucomarca.com\/wordpress\/segunda\/wp-content\/uploads\/2022\/08\/reunionCarrera01-1-768x243.jpg 768w, https:\/\/www.tucomarca.com\/wordpress\/segunda\/wp-content\/uploads\/2022\/08\/reunionCarrera01-1-1536x485.jpg 1536w, https:\/\/www.tucomarca.com\/wordpress\/segunda\/wp-content\/uploads\/2022\/08\/reunionCarrera01-1.jpg 1599w\" sizes=\"auto, (max-width: 1024px) 100vw, 1024px\" \/><\/figure>\n\n\n\n<p>M\u00e9s de 50 voluntaris apuntats en la reuni\u00f3 informativa que ahir es va celebrar en el local del Barri Sant Rafael, on els responsables de l&#8217;esdeveniment van donar les indicacions generals de com han de respondre els voluntaris davant qualsevol situaci\u00f3 que es puga produir durant l&#8217;esdeveniment, a pesar que actuaran en tot moment sota el suport de Policia Local i Protecci\u00f3 Civil.&nbsp;<br>Malgrat l&#8217;\u00e0mplia xifra de voluntaris, tot el que vulga encara ho pot fer personant-se dijous que ve a les 18:30h en la Pla\u00e7a Diputaci\u00f3 i all\u00ed el coordinador de voluntaris, el cap de Protecci\u00f3 Civil, \u00c1ngel Merenciano, li assignar\u00e0 un lloc en el recorregut.<\/p>\n\n\n\n<p><\/p>\n","protected":false},"excerpt":{"rendered":"<div class=\"mh-excerpt\">M\u00e9s de 50 voluntaris apuntats en la reuni\u00f3 informativa que ahir es va celebrar en el local del Barri Sant Rafael, on els responsables de l&#8217;esdeveniment van donar les indicacions generals de com han de <a class=\"mh-excerpt-more\" href=\"https:\/\/www.tucomarca.com\/wordpress\/segunda\/ca\/bunyol-es-bolca-amb-la-xxv-carrera-de-fira-i-festes-homenatge-a-raquel-lavilla\/\" title=\"Bunyol es bolca amb la XXV Carrera de Fira i Festes Homenatge a Raquel Lavilla\">[+] <\/a><\/div>\n","protected":false},"author":12,"featured_media":165168,"comment_status":"open","ping_status":"open","sticky":false,"template":"","format":"standard","meta":{"footnotes":""},"categories":[11018,10911,11003,10894,10912,10896],"tags":[10913,17690,10914,17691,17692],"class_list":{"0":"post-165174","1":"post","2":"type-post","3":"status-publish","4":"format-standard","5":"has-post-thumbnail","7":"category-atletisme","8":"category-bunol-ca","9":"category-sports","10":"category-la-comarca-ca","11":"category-la-hoya-ca","12":"category-seccion-ca","13":"tag-bunol-ca","14":"tag-homenaje-raquel-lavilla-villar-ca","15":"tag-la-hoya-de-bunol-chiva-ca","16":"tag-voluntarios-ca","17":"tag-xxv-carrera-feria-y-fiestas-ca"},"_links":{"self":[{"href":"https:\/\/www.tucomarca.com\/wordpress\/segunda\/ca\/wp-json\/wp\/v2\/posts\/165174","targetHints":{"allow":["GET"]}}],"collection":[{"href":"https:\/\/www.tucomarca.com\/wordpress\/segunda\/ca\/wp-json\/wp\/v2\/posts"}],"about":[{"href":"https:\/\/www.tucomarca.com\/wordpress\/segunda\/ca\/wp-json\/wp\/v2\/types\/post"}],"author":[{"embeddable":true,"href":"https:\/\/www.tucomarca.com\/wordpress\/segunda\/ca\/wp-json\/wp\/v2\/users\/12"}],"replies":[{"embeddable":true,"href":"https:\/\/www.tucomarca.com\/wordpress\/segunda\/ca\/wp-json\/wp\/v2\/comments?post=165174"}],"version-history":[{"count":0,"href":"https:\/\/www.tucomarca.com\/wordpress\/segunda\/ca\/wp-json\/wp\/v2\/posts\/165174\/revisions"}],"wp:featuredmedia":[{"embeddable":true,"href":"https:\/\/www.tucomarca.com\/wordpress\/segunda\/ca\/wp-json\/wp\/v2\/media\/165168"}],"wp:attachment":[{"href":"https:\/\/www.tucomarca.com\/wordpress\/segunda\/ca\/wp-json\/wp\/v2\/media?parent=165174"}],"wp:term":[{"taxonomy":"category","embeddable":true,"href":"https:\/\/www.tucomarca.com\/wordpress\/segunda\/ca\/wp-json\/wp\/v2\/categories?post=165174"},{"taxonomy":"post_tag","embeddable":true,"href":"https:\/\/www.tucomarca.com\/wordpress\/segunda\/ca\/wp-json\/wp\/v2\/tags?post=165174"}],"curies":[{"name":"wp","href":"https:\/\/api.w.org\/{rel}","templated":true}]}}