{"id":165261,"date":"2022-08-23T14:00:00","date_gmt":"2022-08-23T12:00:00","guid":{"rendered":"http:\/\/www.tucomarca.com\/wordpress\/segunda\/?p=165261"},"modified":"2022-08-24T02:25:04","modified_gmt":"2022-08-24T00:25:04","slug":"james-suckling-confirma-la-qualitat-dels-vins-do-valencia","status":"publish","type":"post","link":"https:\/\/www.tucomarca.com\/wordpress\/segunda\/ca\/james-suckling-confirma-la-qualitat-dels-vins-do-valencia\/","title":{"rendered":"James Suckling confirma la qualitat dels vins DO Val\u00e8ncia"},"content":{"rendered":"\n<h4 class=\"wp-block-heading\">James Suckling, cr\u00edtic internacional de vins i periodista de reconegut prestigi, ha atorgat als vins de la Denominaci\u00f3 d&#8217;Origen Val\u00e8ncia 48 excel\u00b7lents.<\/h4>\n\n\n\n<p>El conegut prescriptor, descrit per la revista Forbes com \u201cun dels cr\u00edtics de vi m\u00e9s poderosos del m\u00f3n\u201d, confirma amb les seues puntuacions que l&#8217;obstinaci\u00f3 i comprom\u00eds que tenen els nostres cellers amb la qualitat en la viticultura i l&#8217;elaboraci\u00f3 dels vins obt\u00e9 el seu recompensa.<br>Si parlem dels vins millor puntuats, destaquen entre les seues cr\u00edtiques quatre d&#8217;ells amb 93 punts.<\/p>\n\n\n\n<p>L&#8217;\u00faltim llan\u00e7ament del Celler Clos de L\u00f4m, Clos de L\u00f4m Isidra 2018, est\u00e0 elaborat amb Garnacha i Ull de llebre, destaca per la seua acidesa i persist\u00e8ncia, de color roig intens i molt brillant, \u00e9s un homenatge a les dones d&#8217;una fam\u00edlia que generaci\u00f3 rere generaci\u00f3 han treballat sense descans la terra. El periodista el defineix com a \u201cafruitat i floral, llarg, elegant i expressiu\u201d.<br>El Cap 2019, de Cellers Estret, \u00e9s un cupatge de Boval, Malbec i Syrah \u201camb un nas molt atractiu, suc\u00f3s i de final red\u00f3 i afruitat\u201d segons paraules del propi Suckling. Sens dubte, reflecteix l&#8217;esfor\u00e7 i passi\u00f3 de 4 generacions d&#8217;una fam\u00edlia dedicades a la viticultura.<br>Finalment, el projecte Casa L&#8217;Alt, basat en el cultiu ecol\u00f2gic i la viticultura sostenible, aconsegueix ficar a dues de les seues refer\u00e8ncies entre les millor valorades: Manz\u00e1n 2020 \u00e9s un monovarietal de Boval que el prestigi\u00f3s cr\u00edtic defineix com a \u201celegant, suc\u00f3s i suculent, de final sabor\u00f3s\u201d i Rocha 2020 una garnacha \u201csucosa i vibrant amb car\u00e0cter floral\u201d.<br>Els reconeixements no acaben ac\u00ed, s\u00f3n 8 els vins que han obtingut 92 punts, 17 els que han aconseguit 91 i 19 refer\u00e8ncies s&#8217;han fet amb 90 punts. Informa, <strong>Luis Ib\u00e1\u00f1ez.<\/strong><\/p>\n","protected":false},"excerpt":{"rendered":"<div class=\"mh-excerpt\">James Suckling, cr\u00edtic internacional de vins i periodista de reconegut prestigi, ha atorgat als vins de la Denominaci\u00f3 d&#8217;Origen Val\u00e8ncia 48 excel\u00b7lents. El conegut prescriptor, descrit per la revista Forbes com \u201cun dels cr\u00edtics de <a class=\"mh-excerpt-more\" href=\"https:\/\/www.tucomarca.com\/wordpress\/segunda\/ca\/james-suckling-confirma-la-qualitat-dels-vins-do-valencia\/\" title=\"James Suckling confirma la qualitat dels vins DO Val\u00e8ncia\">[+] <\/a><\/div>\n","protected":false},"author":12,"featured_media":165260,"comment_status":"open","ping_status":"open","sticky":false,"template":"","format":"standard","meta":{"footnotes":""},"categories":[11006,10894,10904,10909,10896],"tags":[12985,17696],"class_list":{"0":"post-165261","1":"post","2":"type-post","3":"status-publish","4":"format-standard","5":"has-post-thumbnail","7":"category-canal-vinos","8":"category-la-comarca-ca","9":"category-sin-categorizar-ca","10":"category-requena-utiel-ca","11":"category-seccion-ca","12":"tag-d-o-valencia-ca","13":"tag-james-suckling-ca"},"_links":{"self":[{"href":"https:\/\/www.tucomarca.com\/wordpress\/segunda\/ca\/wp-json\/wp\/v2\/posts\/165261","targetHints":{"allow":["GET"]}}],"collection":[{"href":"https:\/\/www.tucomarca.com\/wordpress\/segunda\/ca\/wp-json\/wp\/v2\/posts"}],"about":[{"href":"https:\/\/www.tucomarca.com\/wordpress\/segunda\/ca\/wp-json\/wp\/v2\/types\/post"}],"author":[{"embeddable":true,"href":"https:\/\/www.tucomarca.com\/wordpress\/segunda\/ca\/wp-json\/wp\/v2\/users\/12"}],"replies":[{"embeddable":true,"href":"https:\/\/www.tucomarca.com\/wordpress\/segunda\/ca\/wp-json\/wp\/v2\/comments?post=165261"}],"version-history":[{"count":0,"href":"https:\/\/www.tucomarca.com\/wordpress\/segunda\/ca\/wp-json\/wp\/v2\/posts\/165261\/revisions"}],"wp:featuredmedia":[{"embeddable":true,"href":"https:\/\/www.tucomarca.com\/wordpress\/segunda\/ca\/wp-json\/wp\/v2\/media\/165260"}],"wp:attachment":[{"href":"https:\/\/www.tucomarca.com\/wordpress\/segunda\/ca\/wp-json\/wp\/v2\/media?parent=165261"}],"wp:term":[{"taxonomy":"category","embeddable":true,"href":"https:\/\/www.tucomarca.com\/wordpress\/segunda\/ca\/wp-json\/wp\/v2\/categories?post=165261"},{"taxonomy":"post_tag","embeddable":true,"href":"https:\/\/www.tucomarca.com\/wordpress\/segunda\/ca\/wp-json\/wp\/v2\/tags?post=165261"}],"curies":[{"name":"wp","href":"https:\/\/api.w.org\/{rel}","templated":true}]}}