{"id":165283,"date":"2022-08-24T10:00:00","date_gmt":"2022-08-24T08:00:00","guid":{"rendered":"http:\/\/www.tucomarca.com\/wordpress\/segunda\/?p=165283"},"modified":"2022-08-24T10:04:21","modified_gmt":"2022-08-24T08:04:21","slug":"la-guardia-civil-dete-a-lautor-dels-trets-de-montserrat","status":"publish","type":"post","link":"https:\/\/www.tucomarca.com\/wordpress\/segunda\/ca\/la-guardia-civil-dete-a-lautor-dels-trets-de-montserrat\/","title":{"rendered":"La Gu\u00e0rdia Civil det\u00e9 a l&#8217;autor dels trets de Montserrat"},"content":{"rendered":"\n<h4 class=\"wp-block-heading\"><strong>El suposat autor dels fets va efectuar dos trets amb una arma de foc contra la fam\u00edlia rival<\/strong><\/h4>\n\n\n\n<h4 class=\"wp-block-heading\"><strong>Abans de l&#8217;arribada dels agents, la major part de les fam\u00edlies, aix\u00ed com el suposat autor, havien abandonat el lloc de la batussa<\/strong><\/h4>\n\n\n\n<h4 class=\"wp-block-heading\"><strong>S&#8217;ha detingut a un home de 33 anys, de nacionalitat espanyola, per un delicte greu d&#8217;amenaces i un altre de tinen\u00e7a il\u00b7l\u00edcita d&#8217;armes en la localitat de Llombai<\/strong><\/h4>\n\n\n\n<h4 class=\"wp-block-heading\"><strong>S&#8217;ha intervingut un projectil de plom de l&#8217;arma curta utilitzada en els fets<\/strong><\/h4>\n\n\n\n<p>La Gu\u00e0rdia Civil de Val\u00e8ncia va detindre, en el dia d&#8217;ahir, al suposat autor dels trets efectuats en la localitat de Montserrat per un delicte greu d&#8217;amenaces i un altre de tinen\u00e7a il\u00b7l\u00edcita d&#8217;armes.<\/p>\n\n\n\n<p>La investigaci\u00f3 va comen\u00e7ar el passat dia 21 del present mes, quan a les 19.00 hores, en plena via p\u00fablica i celebrant les festes del municipi de Montserrat, la Gu\u00e0rdia Civil i la Policia Local de Montserrat van acudir a una batussa entre dues fam\u00edlies.&nbsp;<\/p>\n\n\n\n<p>El suposat autor dels fets va efectuar dos trets amb una arma de foc contra la fam\u00edlia rival. Tots dos projectils no van aconseguir a cap persona de les presents, per la qual cosa no va haver-hi cap ferit per aquestes causes. Abans de l&#8217;arribada dels agents, la major part de les fam\u00edlies, aix\u00ed com el suposat autor, havien abandonat el lloc de la batussa.<\/p>\n\n\n\n<p>Fruit de les investigacions, la Gu\u00e0rdia Civil de Val\u00e8ncia va aconseguir identificar a tots els participants en la batussa de totes dues fam\u00edlies i esclarir els fets.<\/p>\n\n\n\n<p>Finalment, en el mat\u00ed del dia d&#8217;ahir, la Gu\u00e0rdia Civil de Val\u00e8ncia ha detingut a un home de 33 anys, de nacionalitat espanyola, per un delicte greu d&#8217;amenaces i un altre de tinen\u00e7a il\u00b7l\u00edcita d&#8217;armes en la localitat de Llombai.<\/p>\n\n\n\n<p>A m\u00e9s, els agents han intervingut un projectil de plom de l&#8217;arma curta utilitzada en els fets. Actualment, el cas continua en fase d&#8217;investigaci\u00f3 amb l&#8217;objectiu de localitzar l&#8217;arma.<\/p>\n\n\n\n<p>Les dilig\u00e8ncies i el detingut han sigut posats a la disposici\u00f3 del Jutjat de Primera Inst\u00e0ncia i Instrucci\u00f3 N\u00famero 1 de Picassent.&nbsp;<\/p>\n","protected":false},"excerpt":{"rendered":"<div class=\"mh-excerpt\">El suposat autor dels fets va efectuar dos trets amb una arma de foc contra la fam\u00edlia rival Abans de l&#8217;arribada dels agents, la major part de les fam\u00edlies, aix\u00ed com el suposat autor, havien <a class=\"mh-excerpt-more\" href=\"https:\/\/www.tucomarca.com\/wordpress\/segunda\/ca\/la-guardia-civil-dete-a-lautor-dels-trets-de-montserrat\/\" title=\"La Gu\u00e0rdia Civil det\u00e9 a l&#8217;autor dels trets de Montserrat\">[+] <\/a><\/div>\n","protected":false},"author":1,"featured_media":165281,"comment_status":"open","ping_status":"open","sticky":false,"template":"","format":"standard","meta":{"footnotes":""},"categories":[10898,10948,10894,10904,10902,11000,10896,10897],"tags":[11118,11077,11208,10901],"class_list":{"0":"post-165283","1":"post","2":"type-post","3":"status-publish","4":"format-standard","5":"has-post-thumbnail","7":"category-ventana-ca","8":"category-infraestructuras-ca","9":"category-la-comarca-ca","10":"category-sin-categorizar-ca","11":"category-la-ribera-ca","12":"category-monserrat-ca","13":"category-seccion-ca","14":"category-sucesos-la-comarca-ca","15":"tag-guardia-civil-ca","16":"tag-la-ribera-alta-ca","17":"tag-monserrat-ca","18":"tag-sucesos-ca"},"_links":{"self":[{"href":"https:\/\/www.tucomarca.com\/wordpress\/segunda\/ca\/wp-json\/wp\/v2\/posts\/165283","targetHints":{"allow":["GET"]}}],"collection":[{"href":"https:\/\/www.tucomarca.com\/wordpress\/segunda\/ca\/wp-json\/wp\/v2\/posts"}],"about":[{"href":"https:\/\/www.tucomarca.com\/wordpress\/segunda\/ca\/wp-json\/wp\/v2\/types\/post"}],"author":[{"embeddable":true,"href":"https:\/\/www.tucomarca.com\/wordpress\/segunda\/ca\/wp-json\/wp\/v2\/users\/1"}],"replies":[{"embeddable":true,"href":"https:\/\/www.tucomarca.com\/wordpress\/segunda\/ca\/wp-json\/wp\/v2\/comments?post=165283"}],"version-history":[{"count":0,"href":"https:\/\/www.tucomarca.com\/wordpress\/segunda\/ca\/wp-json\/wp\/v2\/posts\/165283\/revisions"}],"wp:featuredmedia":[{"embeddable":true,"href":"https:\/\/www.tucomarca.com\/wordpress\/segunda\/ca\/wp-json\/wp\/v2\/media\/165281"}],"wp:attachment":[{"href":"https:\/\/www.tucomarca.com\/wordpress\/segunda\/ca\/wp-json\/wp\/v2\/media?parent=165283"}],"wp:term":[{"taxonomy":"category","embeddable":true,"href":"https:\/\/www.tucomarca.com\/wordpress\/segunda\/ca\/wp-json\/wp\/v2\/categories?post=165283"},{"taxonomy":"post_tag","embeddable":true,"href":"https:\/\/www.tucomarca.com\/wordpress\/segunda\/ca\/wp-json\/wp\/v2\/tags?post=165283"}],"curies":[{"name":"wp","href":"https:\/\/api.w.org\/{rel}","templated":true}]}}