{"id":165307,"date":"2022-08-24T19:30:00","date_gmt":"2022-08-24T17:30:00","guid":{"rendered":"http:\/\/www.tucomarca.com\/wordpress\/segunda\/?p=165307"},"modified":"2022-08-24T19:44:36","modified_gmt":"2022-08-24T17:44:36","slug":"video-entrevista-rafael-perez-detalla-les-propostes-festives-de-la-fira-i-festes-de-bunyol-2022","status":"publish","type":"post","link":"https:\/\/www.tucomarca.com\/wordpress\/segunda\/ca\/video-entrevista-rafael-perez-detalla-les-propostes-festives-de-la-fira-i-festes-de-bunyol-2022\/","title":{"rendered":"V\u00eddeo entrevista: Rafael P\u00e9rez detalla les propostes festives de la Fira i Festes de Bunyol 2022"},"content":{"rendered":"\n<figure class=\"wp-block-embed is-type-video is-provider-youtube wp-block-embed-youtube wp-embed-aspect-16-9 wp-has-aspect-ratio\"><div class=\"wp-block-embed__wrapper\">\n<iframe loading=\"lazy\" title=\"V\u00eddeo entrevista: Rafa P\u00e9rez nos detalla las propuestas festivas de la Feria y Fiestas de Bu\u00f1ol 2022\" width=\"500\" height=\"281\" src=\"https:\/\/www.youtube.com\/embed\/2U4oOrF7zSU?feature=oembed\" frameborder=\"0\" allow=\"accelerometer; autoplay; clipboard-write; encrypted-media; gyroscope; picture-in-picture; web-share\" referrerpolicy=\"strict-origin-when-cross-origin\" allowfullscreen><\/iframe>\n<\/div><\/figure>\n\n\n\n<p>V\u00eddeo entrevista realitzada per <strong>tucomarca televisi\u00f3<\/strong> a Rafael P\u00e9rez, el regidor de Cultura Popular de l&#8217;Ajuntament de Bunyol, qui detalla les propostes festives contingudes en el programa de la Fira i Festes de Bunyol 2022, que despr\u00e9s de dos anys sense poder realitzar-se en la seua plenitud, a partir d&#8217;aquest divendres, 26 d&#8217;agost, entren en la seua setmana gran de festejos.<\/p>\n","protected":false},"excerpt":{"rendered":"<div class=\"mh-excerpt\">V\u00eddeo entrevista realitzada per tucomarca televisi\u00f3 a Rafael P\u00e9rez, el regidor de Cultura Popular de l&#8217;Ajuntament de Bunyol, qui detalla les propostes festives contingudes en el programa de la Fira i Festes de Bunyol 2022, <a class=\"mh-excerpt-more\" href=\"https:\/\/www.tucomarca.com\/wordpress\/segunda\/ca\/video-entrevista-rafael-perez-detalla-les-propostes-festives-de-la-fira-i-festes-de-bunyol-2022\/\" title=\"V\u00eddeo entrevista: Rafael P\u00e9rez detalla les propostes festives de la Fira i Festes de Bunyol 2022\">[+] <\/a><\/div>\n","protected":false},"author":1,"featured_media":165305,"comment_status":"open","ping_status":"open","sticky":false,"template":"","format":"video","meta":{"footnotes":""},"categories":[10911,11005,10898,10894,10904,10912,11004,11007,11008,10896,11062],"tags":[17586,12484,11177,10914,17697,12503],"class_list":{"0":"post-165307","1":"post","2":"type-post","3":"status-publish","4":"format-video","5":"has-post-thumbnail","7":"category-bunol-ca","8":"category-canal-musica","9":"category-ventana-ca","10":"category-la-comarca-ca","11":"category-sin-categorizar-ca","12":"category-la-hoya-ca","13":"category-la-semana-en-imagenes-ca","14":"category-ocio-y-cultura-ca","15":"category-pueblos-en-fiestas-ca","16":"category-seccion-ca","17":"category-videos","18":"tag-feria-y-fiestas-2022-ca","19":"tag-feria-y-fiestas-bunol-ca","20":"tag-fira-y-festes","21":"tag-la-hoya-de-bunol-chiva-ca","22":"tag-rafa-perez-ca","23":"tag-reina-feria-y-fiestas-de-bunol-ca","24":"post_format-post-format-video"},"_links":{"self":[{"href":"https:\/\/www.tucomarca.com\/wordpress\/segunda\/ca\/wp-json\/wp\/v2\/posts\/165307","targetHints":{"allow":["GET"]}}],"collection":[{"href":"https:\/\/www.tucomarca.com\/wordpress\/segunda\/ca\/wp-json\/wp\/v2\/posts"}],"about":[{"href":"https:\/\/www.tucomarca.com\/wordpress\/segunda\/ca\/wp-json\/wp\/v2\/types\/post"}],"author":[{"embeddable":true,"href":"https:\/\/www.tucomarca.com\/wordpress\/segunda\/ca\/wp-json\/wp\/v2\/users\/1"}],"replies":[{"embeddable":true,"href":"https:\/\/www.tucomarca.com\/wordpress\/segunda\/ca\/wp-json\/wp\/v2\/comments?post=165307"}],"version-history":[{"count":0,"href":"https:\/\/www.tucomarca.com\/wordpress\/segunda\/ca\/wp-json\/wp\/v2\/posts\/165307\/revisions"}],"wp:featuredmedia":[{"embeddable":true,"href":"https:\/\/www.tucomarca.com\/wordpress\/segunda\/ca\/wp-json\/wp\/v2\/media\/165305"}],"wp:attachment":[{"href":"https:\/\/www.tucomarca.com\/wordpress\/segunda\/ca\/wp-json\/wp\/v2\/media?parent=165307"}],"wp:term":[{"taxonomy":"category","embeddable":true,"href":"https:\/\/www.tucomarca.com\/wordpress\/segunda\/ca\/wp-json\/wp\/v2\/categories?post=165307"},{"taxonomy":"post_tag","embeddable":true,"href":"https:\/\/www.tucomarca.com\/wordpress\/segunda\/ca\/wp-json\/wp\/v2\/tags?post=165307"}],"curies":[{"name":"wp","href":"https:\/\/api.w.org\/{rel}","templated":true}]}}