{"id":165433,"date":"2022-08-25T18:05:00","date_gmt":"2022-08-25T16:05:00","guid":{"rendered":"http:\/\/www.tucomarca.com\/wordpress\/segunda\/?p=165433"},"modified":"2022-09-14T19:44:48","modified_gmt":"2022-09-14T17:44:48","slug":"bunyol-entra-de-ple-en-la-seua-setmana-gran-de-fira-i-festes","status":"publish","type":"post","link":"https:\/\/www.tucomarca.com\/wordpress\/segunda\/ca\/bunyol-entra-de-ple-en-la-seua-setmana-gran-de-fira-i-festes\/","title":{"rendered":"Bunyol entra de ple en la seua setmana gran de Fira i Festes"},"content":{"rendered":"\n<h4 class=\"wp-block-heading\">Bunyol est\u00e0 ja preparat per a viure les seues anhelades Fira i Festes d&#8217;aquest 2022 despr\u00e9s d&#8217;aquests dos durs anys d&#8217;espera i despr\u00e9s de greixar motors arranquen de ple les seues festes amb l&#8217;esperit festiu que caracteritza a bu\u00f1oleros i bu\u00f1oleras<\/h4>\n\n\n\n<p>Aquest dissabte, a les 12 del mat\u00ed i en la pla\u00e7a del poble, se celebrar\u00e0 la Tomatina Infantil per a xiquets i xiquetes de fins a 14 anys. A la vesprada, a les 17,45 h arranca la presentaci\u00f3 del CD Bunyol en el Beltr\u00e1n B\u00e1guena, finalitzant a les 19,00 h amb el partit contra un potent equip, en aquest cas l&#8217;Atl\u00e8tic Llevant. A la nit, a les 21,00 h trasllade del Sant Patr\u00f3 Sant Llu\u00eds Beltr\u00e1n, des de la seua ermita fins a l&#8217;Esgl\u00e9sia Parroquial de Sant Pere Ap\u00f3stol, amb assist\u00e8ncia de la Reina de les Festes i Cort d&#8217;Honor.&nbsp;<\/p>\n\n\n\n<p>I ja a la nit, l&#8217;esperat concert de Sergio Dalma a l&#8217;Auditori Municipal de Sant Llu\u00eds a les 23,00 h. Una recopilaci\u00f3 dels seus grans \u00e8xits, aix\u00ed com el seu actual disc Alegria en un macroescenari \u00fanic en l&#8217;incomparable Auditori Municipal de Sant Llu\u00eds.&nbsp;<\/p>\n\n\n\n<p>El diumenge, Festa del Mant\u00f3, el dia de la Societat Musical &#8220;L&#8217;Art\u00edstica&#8221;, arrancar\u00e0 a les 6,00 h amb la instal\u00b7laci\u00f3 en la fa\u00e7ana de l&#8217;Esgl\u00e9sia Sant Pere Ap\u00f3stol del monument on es realitzar\u00e0 l&#8217;Ofrena de Flores i Fruits a la Patrona La nostra Senyora dels Desemparats. A les 11,00 h la Comissi\u00f3 de la Festa del Mant\u00f3, Junta Directiva, Banda de M\u00fasica i Cort d&#8217;Honor amb la Representant de la Societat, Altea Atienza L\u00f3pez, recolliran en els seus domicilis a les Reines del Mant\u00f3 2022, Silvia G\u00f3mez Zan\u00f3n i Andrea Tar\u00edn Clemente.<\/p>\n\n\n\n<p>A les 13,00 h comen\u00e7ar\u00e0 l&#8217;ofrena de flors i fruits des del Teatre Montecarlo fins al monument pr\u00e8viament instal\u00b7lat. I a la vesprada, la cavalcada del Mant\u00f3 arrancar\u00e0 a les 20,00 h. Finalitzar\u00e0 el dia amb el Musical Somnis a l&#8217;Auditori de Sant Llu\u00eds a les 23,00 h. Moments \u00fanics, molta emoci\u00f3, color i diversi\u00f3 podran veure&#8217;s aquests dies a Bunyol.&nbsp;<\/p>\n\n\n\n<p><strong>Atletisme, futbol i molta m\u00fasica per a tots<\/strong>&nbsp;<strong>aquesta<\/strong>&nbsp;<strong>setmana<\/strong><\/p>\n\n\n\n<p>Dimarts passat va anar tard per als xiquets amb l&#8217;espectacle infantil \u201cGuillermo Tell\u201d. L&#8217;assist\u00e8ncia va ser massiva. Tamb\u00e9 van ser les semifinals i ahir les finals del Campionat de Futbol Sala en el Poliesportiu de la piscina municipal.&nbsp;<\/p>\n\n\n\n<p>Ahir tamb\u00e9 a la nit va ser el Tribut a Joaqu\u00edn Sabina en la Pla\u00e7a d&#8217;Armes i a la vesprada el berenar per a la Tercera Edat. Hui dijous 25 d&#8217;agost, Carrera Fira i Festes. Homenatge Raquel Lavilla Villar a partir de les 19.30h amb eixida des de la Pla\u00e7a Layana. I a la nit, tamb\u00e9 en la Pla\u00e7a d&#8217;Armes actuaci\u00f3 del cantaor \u201cPep Gimeno Botifarra\u201d a les 22,30h.<\/p>\n\n\n\n<p>Dem\u00e0 obertura oficial de la Fira, amb l&#8217;acapte a favor del c\u00e0ncer a les 10,00 h. A les 18,30 h en la Pla\u00e7a del Poble, concurs floral. A les 20,00 h inauguraci\u00f3 de les exposicions i a les 21,30 h inauguraci\u00f3 de la fira. A la nit, a les 23,30 h la tradicional cercavila de la Tomaca, la Xaranga dels Xinos de Bunyol i a partir de les 00,00 hores Trio Festa, si el temps ho permet. L&#8217;Ajuntament de Bunyol recorda que els quiosquets es traslladen al Parc Manuel Carrascosa a causa de la mala previsi\u00f3 meteorol\u00f2gica d&#8217;aquesta finalitat de setmana.&nbsp;<\/p>\n\n\n\n<figure class=\"wp-block-gallery has-nested-images columns-2 is-cropped wp-block-gallery-1 is-layout-flex wp-block-gallery-is-layout-flex\">\n<figure class=\"wp-block-image size-large\"><img loading=\"lazy\" decoding=\"async\" width=\"1024\" height=\"768\" data-id=\"165428\" src=\"http:\/\/www.tucomarca.com\/wordpress\/segunda\/wp-content\/uploads\/2022\/08\/TributoSabina01-1024x768.jpg\" alt=\"\" class=\"wp-image-165428\" srcset=\"https:\/\/www.tucomarca.com\/wordpress\/segunda\/wp-content\/uploads\/2022\/08\/TributoSabina01-1024x768.jpg 1024w, https:\/\/www.tucomarca.com\/wordpress\/segunda\/wp-content\/uploads\/2022\/08\/TributoSabina01-300x225.jpg 300w, https:\/\/www.tucomarca.com\/wordpress\/segunda\/wp-content\/uploads\/2022\/08\/TributoSabina01-768x576.jpg 768w, https:\/\/www.tucomarca.com\/wordpress\/segunda\/wp-content\/uploads\/2022\/08\/TributoSabina01-1536x1152.jpg 1536w, https:\/\/www.tucomarca.com\/wordpress\/segunda\/wp-content\/uploads\/2022\/08\/TributoSabina01-678x509.jpg 678w, https:\/\/www.tucomarca.com\/wordpress\/segunda\/wp-content\/uploads\/2022\/08\/TributoSabina01-326x245.jpg 326w, https:\/\/www.tucomarca.com\/wordpress\/segunda\/wp-content\/uploads\/2022\/08\/TributoSabina01-80x60.jpg 80w, https:\/\/www.tucomarca.com\/wordpress\/segunda\/wp-content\/uploads\/2022\/08\/TributoSabina01.jpg 2048w\" sizes=\"auto, (max-width: 1024px) 100vw, 1024px\" \/><\/figure>\n\n\n\n<figure class=\"wp-block-image size-large\"><img loading=\"lazy\" decoding=\"async\" width=\"1024\" height=\"768\" data-id=\"165430\" src=\"http:\/\/www.tucomarca.com\/wordpress\/segunda\/wp-content\/uploads\/2022\/08\/TributoSabina02-1024x768.jpg\" alt=\"\" class=\"wp-image-165430\" srcset=\"https:\/\/www.tucomarca.com\/wordpress\/segunda\/wp-content\/uploads\/2022\/08\/TributoSabina02-1024x768.jpg 1024w, https:\/\/www.tucomarca.com\/wordpress\/segunda\/wp-content\/uploads\/2022\/08\/TributoSabina02-300x225.jpg 300w, https:\/\/www.tucomarca.com\/wordpress\/segunda\/wp-content\/uploads\/2022\/08\/TributoSabina02-768x576.jpg 768w, https:\/\/www.tucomarca.com\/wordpress\/segunda\/wp-content\/uploads\/2022\/08\/TributoSabina02-1536x1152.jpg 1536w, https:\/\/www.tucomarca.com\/wordpress\/segunda\/wp-content\/uploads\/2022\/08\/TributoSabina02-678x509.jpg 678w, https:\/\/www.tucomarca.com\/wordpress\/segunda\/wp-content\/uploads\/2022\/08\/TributoSabina02-326x245.jpg 326w, https:\/\/www.tucomarca.com\/wordpress\/segunda\/wp-content\/uploads\/2022\/08\/TributoSabina02-80x60.jpg 80w, https:\/\/www.tucomarca.com\/wordpress\/segunda\/wp-content\/uploads\/2022\/08\/TributoSabina02.jpg 1600w\" sizes=\"auto, (max-width: 1024px) 100vw, 1024px\" \/><\/figure>\n\n\n\n<figure class=\"wp-block-image size-large\"><img loading=\"lazy\" decoding=\"async\" width=\"768\" height=\"1024\" data-id=\"165426\" src=\"http:\/\/www.tucomarca.com\/wordpress\/segunda\/wp-content\/uploads\/2022\/08\/GuillermoTell-768x1024.jpg\" alt=\"\" class=\"wp-image-165426\" srcset=\"https:\/\/www.tucomarca.com\/wordpress\/segunda\/wp-content\/uploads\/2022\/08\/GuillermoTell-768x1024.jpg 768w, https:\/\/www.tucomarca.com\/wordpress\/segunda\/wp-content\/uploads\/2022\/08\/GuillermoTell-225x300.jpg 225w, https:\/\/www.tucomarca.com\/wordpress\/segunda\/wp-content\/uploads\/2022\/08\/GuillermoTell-1152x1536.jpg 1152w, https:\/\/www.tucomarca.com\/wordpress\/segunda\/wp-content\/uploads\/2022\/08\/GuillermoTell.jpg 1536w\" sizes=\"auto, (max-width: 768px) 100vw, 768px\" \/><\/figure>\n<\/figure>\n","protected":false},"excerpt":{"rendered":"<div class=\"mh-excerpt\">Bunyol est\u00e0 ja preparat per a viure les seues anhelades Fira i Festes d&#8217;aquest 2022 despr\u00e9s d&#8217;aquests dos durs anys d&#8217;espera i despr\u00e9s de greixar motors arranquen de ple les seues festes amb l&#8217;esperit festiu <a class=\"mh-excerpt-more\" href=\"https:\/\/www.tucomarca.com\/wordpress\/segunda\/ca\/bunyol-entra-de-ple-en-la-seua-setmana-gran-de-fira-i-festes\/\" title=\"Bunyol entra de ple en la seua setmana gran de Fira i Festes\">[+] <\/a><\/div>\n","protected":false},"author":12,"featured_media":165399,"comment_status":"open","ping_status":"open","sticky":false,"template":"","format":"gallery","meta":{"footnotes":""},"categories":[11019,10911,10898,10894,10912,11007,10896],"tags":[10913,17586,12484,10914],"class_list":{"0":"post-165433","1":"post","2":"type-post","3":"status-publish","4":"format-gallery","5":"has-post-thumbnail","7":"category-agenda-ca","8":"category-bunol-ca","9":"category-ventana-ca","10":"category-la-comarca-ca","11":"category-la-hoya-ca","12":"category-ocio-y-cultura-ca","13":"category-seccion-ca","14":"tag-bunol-ca","15":"tag-feria-y-fiestas-2022-ca","16":"tag-feria-y-fiestas-bunol-ca","17":"tag-la-hoya-de-bunol-chiva-ca","18":"post_format-post-format-gallery"},"_links":{"self":[{"href":"https:\/\/www.tucomarca.com\/wordpress\/segunda\/ca\/wp-json\/wp\/v2\/posts\/165433","targetHints":{"allow":["GET"]}}],"collection":[{"href":"https:\/\/www.tucomarca.com\/wordpress\/segunda\/ca\/wp-json\/wp\/v2\/posts"}],"about":[{"href":"https:\/\/www.tucomarca.com\/wordpress\/segunda\/ca\/wp-json\/wp\/v2\/types\/post"}],"author":[{"embeddable":true,"href":"https:\/\/www.tucomarca.com\/wordpress\/segunda\/ca\/wp-json\/wp\/v2\/users\/12"}],"replies":[{"embeddable":true,"href":"https:\/\/www.tucomarca.com\/wordpress\/segunda\/ca\/wp-json\/wp\/v2\/comments?post=165433"}],"version-history":[{"count":0,"href":"https:\/\/www.tucomarca.com\/wordpress\/segunda\/ca\/wp-json\/wp\/v2\/posts\/165433\/revisions"}],"wp:featuredmedia":[{"embeddable":true,"href":"https:\/\/www.tucomarca.com\/wordpress\/segunda\/ca\/wp-json\/wp\/v2\/media\/165399"}],"wp:attachment":[{"href":"https:\/\/www.tucomarca.com\/wordpress\/segunda\/ca\/wp-json\/wp\/v2\/media?parent=165433"}],"wp:term":[{"taxonomy":"category","embeddable":true,"href":"https:\/\/www.tucomarca.com\/wordpress\/segunda\/ca\/wp-json\/wp\/v2\/categories?post=165433"},{"taxonomy":"post_tag","embeddable":true,"href":"https:\/\/www.tucomarca.com\/wordpress\/segunda\/ca\/wp-json\/wp\/v2\/tags?post=165433"}],"curies":[{"name":"wp","href":"https:\/\/api.w.org\/{rel}","templated":true}]}}