{"id":165469,"date":"2022-08-25T16:00:00","date_gmt":"2022-08-25T14:00:00","guid":{"rendered":"http:\/\/www.tucomarca.com\/wordpress\/segunda\/?p=165469"},"modified":"2022-09-14T19:27:52","modified_gmt":"2022-09-14T17:27:52","slug":"bunyol-inaugura-les-seues-exposicions-de-fira-i-festes","status":"publish","type":"post","link":"https:\/\/www.tucomarca.com\/wordpress\/segunda\/ca\/bunyol-inaugura-les-seues-exposicions-de-fira-i-festes\/","title":{"rendered":"Bunyol inaugura les seues exposicions de Fira i Festes"},"content":{"rendered":"\n<p>Exposici\u00f3 pict\u00f2rica de <strong>Juan Jos\u00e9 Ortiz:<\/strong><\/p>\n\n\n\n<p>Del 26 d&#8217;agost al 5 de setembre, antic quiosc de Juanjo.<\/p>\n\n\n\n<figure class=\"wp-block-image size-large\"><img loading=\"lazy\" decoding=\"async\" width=\"730\" height=\"1024\" src=\"http:\/\/www.tucomarca.com\/wordpress\/segunda\/wp-content\/uploads\/2022\/08\/Juanjo2-730x1024.jpg\" alt=\"\" class=\"wp-image-167716\" srcset=\"https:\/\/www.tucomarca.com\/wordpress\/segunda\/wp-content\/uploads\/2022\/08\/Juanjo2-730x1024.jpg 730w, https:\/\/www.tucomarca.com\/wordpress\/segunda\/wp-content\/uploads\/2022\/08\/Juanjo2-214x300.jpg 214w, https:\/\/www.tucomarca.com\/wordpress\/segunda\/wp-content\/uploads\/2022\/08\/Juanjo2-768x1077.jpg 768w, https:\/\/www.tucomarca.com\/wordpress\/segunda\/wp-content\/uploads\/2022\/08\/Juanjo2-1095x1536.jpg 1095w, https:\/\/www.tucomarca.com\/wordpress\/segunda\/wp-content\/uploads\/2022\/08\/Juanjo2.jpg 1141w\" sizes=\"auto, (max-width: 730px) 100vw, 730px\" \/><\/figure>\n\n\n\n<figure class=\"wp-block-image size-large\"><img loading=\"lazy\" decoding=\"async\" width=\"730\" height=\"1024\" src=\"http:\/\/www.tucomarca.com\/wordpress\/segunda\/wp-content\/uploads\/2022\/08\/Juanjo3-730x1024.jpg\" alt=\"\" class=\"wp-image-167718\" srcset=\"https:\/\/www.tucomarca.com\/wordpress\/segunda\/wp-content\/uploads\/2022\/08\/Juanjo3-730x1024.jpg 730w, https:\/\/www.tucomarca.com\/wordpress\/segunda\/wp-content\/uploads\/2022\/08\/Juanjo3-214x300.jpg 214w, https:\/\/www.tucomarca.com\/wordpress\/segunda\/wp-content\/uploads\/2022\/08\/Juanjo3-768x1077.jpg 768w, https:\/\/www.tucomarca.com\/wordpress\/segunda\/wp-content\/uploads\/2022\/08\/Juanjo3.jpg 910w\" sizes=\"auto, (max-width: 730px) 100vw, 730px\" \/><\/figure>\n\n\n\n<p>Exposici\u00f3 de pintures sobre La Tomatina a la Sala Raga del Molino de Gal\u00e1n.<\/p>\n\n\n\n<p><strong>Horari:<\/strong><\/p>\n\n\n\n<p>Divendres 26 i dissabte 27, de 19,00 a 21,30 h.<\/p>\n\n\n\n<p>Dilluns 29, dimarts 30, dijous 1 i divendres 2, de 19,30 a 21,30 h.<\/p>\n\n\n\n<p><\/p>\n\n\n\n<figure class=\"wp-block-image size-large\"><img loading=\"lazy\" decoding=\"async\" width=\"724\" height=\"1024\" src=\"http:\/\/www.tucomarca.com\/wordpress\/segunda\/wp-content\/uploads\/2022\/08\/ExpoTomatina-01-724x1024.jpg\" alt=\"\" class=\"wp-image-165464\" srcset=\"https:\/\/www.tucomarca.com\/wordpress\/segunda\/wp-content\/uploads\/2022\/08\/ExpoTomatina-01-724x1024.jpg 724w, https:\/\/www.tucomarca.com\/wordpress\/segunda\/wp-content\/uploads\/2022\/08\/ExpoTomatina-01-212x300.jpg 212w, https:\/\/www.tucomarca.com\/wordpress\/segunda\/wp-content\/uploads\/2022\/08\/ExpoTomatina-01-768x1086.jpg 768w, https:\/\/www.tucomarca.com\/wordpress\/segunda\/wp-content\/uploads\/2022\/08\/ExpoTomatina-01-1086x1536.jpg 1086w, https:\/\/www.tucomarca.com\/wordpress\/segunda\/wp-content\/uploads\/2022\/08\/ExpoTomatina-01.jpg 1240w\" sizes=\"auto, (max-width: 724px) 100vw, 724px\" \/><\/figure>\n","protected":false},"excerpt":{"rendered":"<div class=\"mh-excerpt\">Exposici\u00f3 pict\u00f2rica de Juan Jos\u00e9 Ortiz: Del 26 d&#8217;agost al 5 de setembre, antic quiosc de Juanjo. Exposici\u00f3 de pintures sobre La Tomatina a la Sala Raga del Molino de Gal\u00e1n. Horari: Divendres 26 i <a class=\"mh-excerpt-more\" href=\"https:\/\/www.tucomarca.com\/wordpress\/segunda\/ca\/bunyol-inaugura-les-seues-exposicions-de-fira-i-festes\/\" title=\"Bunyol inaugura les seues exposicions de Fira i Festes\">[+] <\/a><\/div>\n","protected":false},"author":12,"featured_media":167709,"comment_status":"open","ping_status":"open","sticky":false,"template":"","format":"standard","meta":{"footnotes":""},"categories":[11019,10911,10894,10912,11007,10896],"tags":[10913,17707,10914,12478],"class_list":{"0":"post-165469","1":"post","2":"type-post","3":"status-publish","4":"format-standard","5":"has-post-thumbnail","7":"category-agenda-ca","8":"category-bunol-ca","9":"category-la-comarca-ca","10":"category-la-hoya-ca","11":"category-ocio-y-cultura-ca","12":"category-seccion-ca","13":"tag-bunol-ca","14":"tag-exposiciones-feria-y-fiestas-ca","15":"tag-la-hoya-de-bunol-chiva-ca","16":"tag-la-tomatina-de-bunol-ca"},"_links":{"self":[{"href":"https:\/\/www.tucomarca.com\/wordpress\/segunda\/ca\/wp-json\/wp\/v2\/posts\/165469","targetHints":{"allow":["GET"]}}],"collection":[{"href":"https:\/\/www.tucomarca.com\/wordpress\/segunda\/ca\/wp-json\/wp\/v2\/posts"}],"about":[{"href":"https:\/\/www.tucomarca.com\/wordpress\/segunda\/ca\/wp-json\/wp\/v2\/types\/post"}],"author":[{"embeddable":true,"href":"https:\/\/www.tucomarca.com\/wordpress\/segunda\/ca\/wp-json\/wp\/v2\/users\/12"}],"replies":[{"embeddable":true,"href":"https:\/\/www.tucomarca.com\/wordpress\/segunda\/ca\/wp-json\/wp\/v2\/comments?post=165469"}],"version-history":[{"count":0,"href":"https:\/\/www.tucomarca.com\/wordpress\/segunda\/ca\/wp-json\/wp\/v2\/posts\/165469\/revisions"}],"wp:featuredmedia":[{"embeddable":true,"href":"https:\/\/www.tucomarca.com\/wordpress\/segunda\/ca\/wp-json\/wp\/v2\/media\/167709"}],"wp:attachment":[{"href":"https:\/\/www.tucomarca.com\/wordpress\/segunda\/ca\/wp-json\/wp\/v2\/media?parent=165469"}],"wp:term":[{"taxonomy":"category","embeddable":true,"href":"https:\/\/www.tucomarca.com\/wordpress\/segunda\/ca\/wp-json\/wp\/v2\/categories?post=165469"},{"taxonomy":"post_tag","embeddable":true,"href":"https:\/\/www.tucomarca.com\/wordpress\/segunda\/ca\/wp-json\/wp\/v2\/tags?post=165469"}],"curies":[{"name":"wp","href":"https:\/\/api.w.org\/{rel}","templated":true}]}}