{"id":165575,"date":"2022-08-26T11:00:00","date_gmt":"2022-08-26T09:00:00","guid":{"rendered":"https:\/\/www.tucomarca.com\/wordpress\/segunda\/?p=165575"},"modified":"2022-09-14T19:58:20","modified_gmt":"2022-09-14T17:58:20","slug":"benaguasil-dona-inici-hui-a-les-seues-festes-patronals","status":"publish","type":"post","link":"https:\/\/www.tucomarca.com\/wordpress\/segunda\/ca\/benaguasil-dona-inici-hui-a-les-seues-festes-patronals\/","title":{"rendered":"Benaguasil dona inici hui a les seues festes patronals"},"content":{"rendered":"\n<p>Durant les festes es podr\u00e0 gaudir d&#8217;actes culturals, populars i religiosos per a tots els p\u00fablics<\/p>\n\n\n\n<p>Benaguasil dona hui la benvinguda a les seues festes patronals dedicades a la Verge de Montiel i a Sant Llu\u00eds Gonzaga amb la Presentaci\u00f3 aquesta nit de la Reina de les Festes i la seua Cort d&#8217;Honor.<br>L&#8217;Ajuntament ha preparat una extensa i variada programaci\u00f3 destinada a tots els grups d&#8217;edat, combinant les tradicions amb els actes religiosos, culturals, etc. Aix\u00ed el programa de festes inclou el sopar de cinquenes, castells inflables, festejos taurins i la festa de la paella, entre altres.<br>Entre els plats forts del men\u00fa festiu d&#8217;enguany destaquen les actuacions de les orquestres \u201cL&#8217;\u00c0nec\u201d i \u201cLa T\u00f2quio\u201d, el musical infantil &#8220;La m\u00e0gia del circ\u201d i \u201cEl regne del lle\u00f3\u201d, l&#8217;espectacle d&#8217;hipnosi i mentalisme \u201cEl teu un altre jo\u201d de Toni Pons, el musical \u201cLiberate\u201d del Titi o la Big Holi Benaguasil, un esdeveniment que es complementa amb una carrera de colors molt divertida , convertint a la poblaci\u00f3 en un epicentre de la diversi\u00f3 i l&#8217;oci.<br>Tamb\u00e9 dins de les multitudin\u00e0ries propostes de la programaci\u00f3 d&#8217;enguany destaca el concurs de Tir i Arrossegament, la partida de Pilota, el campionat de truc i botifarra, el concert de la Uni\u00f3 Musical, la trobada de bolillos i la Carrera Popular Licitada a la Montieleta.<\/p>\n\n\n\n<p>Respecte als actes lit\u00fargics aquests comen\u00e7aran el dia 7 de setembre amb la romeria de baixada de la patrona que ser\u00e0 acompanyada per centenars de ve\u00efns i visitants fins a la seua arribada a la localitat. Tamb\u00e9 durant els dies 8, 9 i 10 es realitzaran tota una s\u00e8rie d&#8217;activitats religioses com ara les processons i misses en les quals, any rere any, els benaguasileros mostren el fervor a la Verge de Montiel.<\/p>\n\n\n\n<p>La pujada de la Verge al santuari el dia 25 suposar\u00e0 el punt i final d&#8217;aquest nodrit programa d&#8217;activitats.<\/p>\n","protected":false},"excerpt":{"rendered":"<div class=\"mh-excerpt\">Durant les festes es podr\u00e0 gaudir d&#8217;actes culturals, populars i religiosos per a tots els p\u00fablics Benaguasil dona hui la benvinguda a les seues festes patronals dedicades a la Verge de Montiel i a Sant <a class=\"mh-excerpt-more\" href=\"https:\/\/www.tucomarca.com\/wordpress\/segunda\/ca\/benaguasil-dona-inici-hui-a-les-seues-festes-patronals\/\" title=\"Benaguasil dona inici hui a les seues festes patronals\">[+] <\/a><\/div>\n","protected":false},"author":12,"featured_media":165574,"comment_status":"open","ping_status":"open","sticky":false,"template":"","format":"standard","meta":{"footnotes":""},"categories":[11019,172,10952,46,10892,8,10894,11007,7,10896,3],"tags":[10429,11136,10395,10899,3665,14071],"class_list":{"0":"post-165575","1":"post","2":"type-post","3":"status-publish","4":"format-standard","5":"has-post-thumbnail","7":"category-agenda-ca","8":"category-benaguasil","9":"category-benaguasil-ca","10":"category-camp-de-turia","11":"category-camp-de-turia-ca","12":"category-la-comarca","13":"category-la-comarca-ca","14":"category-ocio-y-cultura-ca","15":"category-ocio-y-cultura","16":"category-seccion-ca","17":"category-seccion","18":"tag-benaguasil","19":"tag-benaguasil-ca","20":"tag-camp-de-turia","21":"tag-camp-de-turia-ca","22":"tag-fiestas-patronales","23":"tag-fiestas-patronales-ca"},"_links":{"self":[{"href":"https:\/\/www.tucomarca.com\/wordpress\/segunda\/ca\/wp-json\/wp\/v2\/posts\/165575","targetHints":{"allow":["GET"]}}],"collection":[{"href":"https:\/\/www.tucomarca.com\/wordpress\/segunda\/ca\/wp-json\/wp\/v2\/posts"}],"about":[{"href":"https:\/\/www.tucomarca.com\/wordpress\/segunda\/ca\/wp-json\/wp\/v2\/types\/post"}],"author":[{"embeddable":true,"href":"https:\/\/www.tucomarca.com\/wordpress\/segunda\/ca\/wp-json\/wp\/v2\/users\/12"}],"replies":[{"embeddable":true,"href":"https:\/\/www.tucomarca.com\/wordpress\/segunda\/ca\/wp-json\/wp\/v2\/comments?post=165575"}],"version-history":[{"count":0,"href":"https:\/\/www.tucomarca.com\/wordpress\/segunda\/ca\/wp-json\/wp\/v2\/posts\/165575\/revisions"}],"wp:featuredmedia":[{"embeddable":true,"href":"https:\/\/www.tucomarca.com\/wordpress\/segunda\/ca\/wp-json\/wp\/v2\/media\/165574"}],"wp:attachment":[{"href":"https:\/\/www.tucomarca.com\/wordpress\/segunda\/ca\/wp-json\/wp\/v2\/media?parent=165575"}],"wp:term":[{"taxonomy":"category","embeddable":true,"href":"https:\/\/www.tucomarca.com\/wordpress\/segunda\/ca\/wp-json\/wp\/v2\/categories?post=165575"},{"taxonomy":"post_tag","embeddable":true,"href":"https:\/\/www.tucomarca.com\/wordpress\/segunda\/ca\/wp-json\/wp\/v2\/tags?post=165575"}],"curies":[{"name":"wp","href":"https:\/\/api.w.org\/{rel}","templated":true}]}}