{"id":165628,"date":"2022-08-29T09:00:00","date_gmt":"2022-08-29T07:00:00","guid":{"rendered":"https:\/\/www.tucomarca.com\/wordpress\/segunda\/?p=165628"},"modified":"2022-09-14T15:29:57","modified_gmt":"2022-09-14T13:29:57","slug":"la-guardia-civil-dete-a-un-toxicoman-reincident-violent-a-lalcudia-per-3-robatoris-amb-violencia-i-2-furts","status":"publish","type":"post","link":"https:\/\/www.tucomarca.com\/wordpress\/segunda\/ca\/la-guardia-civil-dete-a-un-toxicoman-reincident-violent-a-lalcudia-per-3-robatoris-amb-violencia-i-2-furts\/","title":{"rendered":"La Gu\u00e0rdia Civil det\u00e9 a un toxic\u00f2man reincident violent a L&#8217;Alc\u00fadia per 3 robatoris amb viol\u00e8ncia i 2 furts"},"content":{"rendered":"\n<h4 class=\"wp-block-heading\">L&#8217;autor dels fets, que acabava d&#8217;eixir de pres\u00f3, ja havia sigut detingut i condemnat anteriorment per delictes similars&nbsp;<\/h4>\n\n\n\n<h4 class=\"wp-block-heading\">El detingut va emprar una arma blanca per a robar a un repartidor de menjar al qual ja havia robat mesos abans&nbsp;<\/h4>\n\n\n\n<p>La Gu\u00e0rdia Civil de Val\u00e8ncia det\u00e9 a l&#8217;autor de 3 robatoris amb viol\u00e8ncia o intimidaci\u00f3 i 2 furts que acabava d&#8217;eixir a la pres\u00f3 per delictes similars. Es tracta d&#8217;un home de 34 anys i nacionalitat espanyola, amb un&nbsp;<strong>ampli historial delictiu i una forta depend\u00e8ncia de les drogues que comet delictes per a costejar la seua addicci\u00f3<\/strong>. Recentment va abandonar la pres\u00f3 despr\u00e9s de complir pena per diversos delictes similars.&nbsp;<\/p>\n\n\n\n<p>Una de les v\u00edctimes del robatori, un repartidor de menjar a domicili ja havia sigut agredida anteriorment per aquesta mateixa persona. El detingut li va espentar quan es trobava a l&#8217;interior d&#8217;un portal i posteriorment&nbsp;<strong>li va intimidar amb un ganivet de grans dimensions per a quedar-se la recaptaci\u00f3<\/strong>.&nbsp;<\/p>\n\n\n\n<p>Tamb\u00e9 va cometre un furt en aprofitar el descans d&#8217;un treballador de la construcci\u00f3 per a accedir a les seues pertinences i fer \u00fas de la seua targeta de cr\u00e8dit. En una altra&nbsp;<strong>ocasi\u00f3 va ser sorpr\u00e9s a l&#8217;interior d&#8217;un domicili<\/strong>&nbsp;tractant de sostraure diversos efectes.&nbsp;<\/p>\n\n\n\n<p>Finalment, es va poder comprovar la seua participaci\u00f3 en aquests fets delictius i es va procedir, a la fi del passat mes de juliol, a la seua detenci\u00f3.&nbsp;<strong>Encara que se sap que a vegades el ciutad\u00e0 pot tindre recels a denunciar, la Gu\u00e0rdia Civil anima al ciutad\u00e0 a exercir el seu dret<\/strong>.<\/p>\n","protected":false},"excerpt":{"rendered":"<div class=\"mh-excerpt\">L&#8217;autor dels fets, que acabava d&#8217;eixir de pres\u00f3, ja havia sigut detingut i condemnat anteriorment per delictes similars&nbsp; El detingut va emprar una arma blanca per a robar a un repartidor de menjar al qual <a class=\"mh-excerpt-more\" href=\"https:\/\/www.tucomarca.com\/wordpress\/segunda\/ca\/la-guardia-civil-dete-a-un-toxicoman-reincident-violent-a-lalcudia-per-3-robatoris-amb-violencia-i-2-furts\/\" title=\"La Gu\u00e0rdia Civil det\u00e9 a un toxic\u00f2man reincident violent a L&#8217;Alc\u00fadia per 3 robatoris amb viol\u00e8ncia i 2 furts\">[+] <\/a><\/div>\n","protected":false},"author":12,"featured_media":165627,"comment_status":"open","ping_status":"open","sticky":false,"template":"","format":"standard","meta":{"footnotes":""},"categories":[10990,10898,10995,292,8,10894,42,10902,10896,3,10897,116],"tags":[1098,10463,1407,692],"class_list":{"0":"post-165628","1":"post","2":"type-post","3":"status-publish","4":"format-standard","5":"has-post-thumbnail","7":"category-carlet-ca","8":"category-ventana-ca","9":"category-lalcudia-ca","10":"category-lalcudia","11":"category-la-comarca","12":"category-la-comarca-ca","13":"category-la-ribera","14":"category-la-ribera-ca","15":"category-seccion-ca","16":"category-seccion","17":"category-sucesos-la-comarca-ca","18":"category-sucesos-la-comarca","19":"tag-guardia-civil","20":"tag-lalcudia","21":"tag-ribera-alta","22":"tag-robos"},"_links":{"self":[{"href":"https:\/\/www.tucomarca.com\/wordpress\/segunda\/ca\/wp-json\/wp\/v2\/posts\/165628","targetHints":{"allow":["GET"]}}],"collection":[{"href":"https:\/\/www.tucomarca.com\/wordpress\/segunda\/ca\/wp-json\/wp\/v2\/posts"}],"about":[{"href":"https:\/\/www.tucomarca.com\/wordpress\/segunda\/ca\/wp-json\/wp\/v2\/types\/post"}],"author":[{"embeddable":true,"href":"https:\/\/www.tucomarca.com\/wordpress\/segunda\/ca\/wp-json\/wp\/v2\/users\/12"}],"replies":[{"embeddable":true,"href":"https:\/\/www.tucomarca.com\/wordpress\/segunda\/ca\/wp-json\/wp\/v2\/comments?post=165628"}],"version-history":[{"count":0,"href":"https:\/\/www.tucomarca.com\/wordpress\/segunda\/ca\/wp-json\/wp\/v2\/posts\/165628\/revisions"}],"wp:featuredmedia":[{"embeddable":true,"href":"https:\/\/www.tucomarca.com\/wordpress\/segunda\/ca\/wp-json\/wp\/v2\/media\/165627"}],"wp:attachment":[{"href":"https:\/\/www.tucomarca.com\/wordpress\/segunda\/ca\/wp-json\/wp\/v2\/media?parent=165628"}],"wp:term":[{"taxonomy":"category","embeddable":true,"href":"https:\/\/www.tucomarca.com\/wordpress\/segunda\/ca\/wp-json\/wp\/v2\/categories?post=165628"},{"taxonomy":"post_tag","embeddable":true,"href":"https:\/\/www.tucomarca.com\/wordpress\/segunda\/ca\/wp-json\/wp\/v2\/tags?post=165628"}],"curies":[{"name":"wp","href":"https:\/\/api.w.org\/{rel}","templated":true}]}}