{"id":165834,"date":"2022-08-29T14:00:00","date_gmt":"2022-08-29T12:00:00","guid":{"rendered":"https:\/\/www.tucomarca.com\/wordpress\/segunda\/?p=165834"},"modified":"2022-09-14T15:17:20","modified_gmt":"2022-09-14T13:17:20","slug":"video-el-trasllat-del-patro-de-bunyol-sant-lluis-bertran-a-lesglesia-de-sant-pere-apostol-abre-la-fira-y-festes-2022","status":"publish","type":"post","link":"https:\/\/www.tucomarca.com\/wordpress\/segunda\/ca\/video-el-trasllat-del-patro-de-bunyol-sant-lluis-bertran-a-lesglesia-de-sant-pere-apostol-abre-la-fira-y-festes-2022\/","title":{"rendered":"V\u00eddeo: el trasllat del patr\u00f3 de Bunyol, Sant Llu\u00eds Bertr\u00e1n, a l&#8217;esgl\u00e9sia de Sant Pere Ap\u00f3stol abre la Fira y Festes 2022"},"content":{"rendered":"\n<figure class=\"wp-block-embed is-type-video is-provider-youtube wp-block-embed-youtube wp-embed-aspect-16-9 wp-has-aspect-ratio\"><div class=\"wp-block-embed__wrapper\">\n<iframe loading=\"lazy\" title=\"V\u00eddeo: el traslado del patr\u00f3n, San Luis, a la iglesia de San Pedro abre la Feria 2022 de Bu\u00f1ol\" width=\"500\" height=\"281\" src=\"https:\/\/www.youtube.com\/embed\/5oS9EN8eYRs?feature=oembed\" frameborder=\"0\" allow=\"accelerometer; autoplay; clipboard-write; encrypted-media; gyroscope; picture-in-picture; web-share\" referrerpolicy=\"strict-origin-when-cross-origin\" allowfullscreen><\/iframe>\n<\/div><\/figure>\n\n\n\n<p>El trasllat del molt benvolgut patr\u00f3 de Bunyol, Sant Llu\u00eds Beltr\u00e1n, a l&#8217;esgl\u00e9sia de Sant Pere Ap\u00f3stol marca l&#8217;inici dels actes en el seu honor dins de la Fira i Festes de Bunyol 2022.<\/p>\n","protected":false},"excerpt":{"rendered":"<div class=\"mh-excerpt\">El trasllat del molt benvolgut patr\u00f3 de Bunyol, Sant Llu\u00eds Beltr\u00e1n, a l&#8217;esgl\u00e9sia de Sant Pere Ap\u00f3stol marca l&#8217;inici dels actes en el seu honor dins de la Fira i Festes de Bunyol 2022.<\/div>\n","protected":false},"author":1,"featured_media":165773,"comment_status":"open","ping_status":"open","sticky":false,"template":"","format":"video","meta":{"footnotes":""},"categories":[18,10911,11005,10898,8,10894,10904,10912,10,5,11004,11007,7,11008,383,10896,3,45,26,11062],"tags":[10385,10913,17711,17712,5952,10914],"class_list":{"0":"post-165834","1":"post","2":"type-post","3":"status-publish","4":"format-video","5":"has-post-thumbnail","7":"category-bunol","8":"category-bunol-ca","9":"category-canal-musica","10":"category-ventana-ca","11":"category-la-comarca","12":"category-la-comarca-ca","13":"category-sin-categorizar-ca","14":"category-la-hoya-ca","15":"category-la-hoya","16":"category-la-semana-en-imagenes","17":"category-la-semana-en-imagenes-ca","18":"category-ocio-y-cultura-ca","19":"category-ocio-y-cultura","20":"category-pueblos-en-fiestas-ca","21":"category-pueblos-en-fiestas","22":"category-seccion-ca","23":"category-seccion","24":"category-ventana","25":"category-video","26":"category-videos","27":"tag-bunol","28":"tag-bunol-ca","29":"tag-feria-fiestas-de-bunol","30":"tag-feria-fiestas-de-bunol-ca","31":"tag-la-hoya-de-bunol-chiva","32":"tag-la-hoya-de-bunol-chiva-ca","33":"post_format-post-format-video"},"_links":{"self":[{"href":"https:\/\/www.tucomarca.com\/wordpress\/segunda\/ca\/wp-json\/wp\/v2\/posts\/165834","targetHints":{"allow":["GET"]}}],"collection":[{"href":"https:\/\/www.tucomarca.com\/wordpress\/segunda\/ca\/wp-json\/wp\/v2\/posts"}],"about":[{"href":"https:\/\/www.tucomarca.com\/wordpress\/segunda\/ca\/wp-json\/wp\/v2\/types\/post"}],"author":[{"embeddable":true,"href":"https:\/\/www.tucomarca.com\/wordpress\/segunda\/ca\/wp-json\/wp\/v2\/users\/1"}],"replies":[{"embeddable":true,"href":"https:\/\/www.tucomarca.com\/wordpress\/segunda\/ca\/wp-json\/wp\/v2\/comments?post=165834"}],"version-history":[{"count":0,"href":"https:\/\/www.tucomarca.com\/wordpress\/segunda\/ca\/wp-json\/wp\/v2\/posts\/165834\/revisions"}],"wp:featuredmedia":[{"embeddable":true,"href":"https:\/\/www.tucomarca.com\/wordpress\/segunda\/ca\/wp-json\/wp\/v2\/media\/165773"}],"wp:attachment":[{"href":"https:\/\/www.tucomarca.com\/wordpress\/segunda\/ca\/wp-json\/wp\/v2\/media?parent=165834"}],"wp:term":[{"taxonomy":"category","embeddable":true,"href":"https:\/\/www.tucomarca.com\/wordpress\/segunda\/ca\/wp-json\/wp\/v2\/categories?post=165834"},{"taxonomy":"post_tag","embeddable":true,"href":"https:\/\/www.tucomarca.com\/wordpress\/segunda\/ca\/wp-json\/wp\/v2\/tags?post=165834"}],"curies":[{"name":"wp","href":"https:\/\/api.w.org\/{rel}","templated":true}]}}