{"id":165884,"date":"2022-08-30T09:00:00","date_gmt":"2022-08-30T07:00:00","guid":{"rendered":"https:\/\/www.tucomarca.com\/wordpress\/segunda\/?p=165884"},"modified":"2022-09-14T14:54:23","modified_gmt":"2022-09-14T12:54:23","slug":"benaguasil-corona-a-los-maximos-representantes-de-las-fiestas-patronales","status":"publish","type":"post","link":"https:\/\/www.tucomarca.com\/wordpress\/segunda\/ca\/benaguasil-corona-a-los-maximos-representantes-de-las-fiestas-patronales\/","title":{"rendered":"Benaguasil corona als m\u00e0xims representants de les festes patronals\u00a0"},"content":{"rendered":"\n<h4 class=\"wp-block-heading\">Centenares de vecinos acompa\u00f1aron a los representantes de la juventud en su presentaci\u00f3n<\/h4>\n\n\n\n<figure class=\"wp-block-gallery has-nested-images columns-3 is-cropped wp-block-gallery-1 is-layout-flex wp-block-gallery-is-layout-flex\">\n<figure class=\"wp-block-image size-large\"><img loading=\"lazy\" decoding=\"async\" width=\"591\" height=\"394\" data-id=\"165877\" src=\"http:\/\/www.tucomarca.com\/wordpress\/segunda\/wp-content\/uploads\/2022\/08\/BenaguasilCaramba.jpg\" alt=\"\" class=\"wp-image-165877\" srcset=\"https:\/\/www.tucomarca.com\/wordpress\/segunda\/wp-content\/uploads\/2022\/08\/BenaguasilCaramba.jpg 591w, https:\/\/www.tucomarca.com\/wordpress\/segunda\/wp-content\/uploads\/2022\/08\/BenaguasilCaramba-300x200.jpg 300w\" sizes=\"auto, (max-width: 591px) 100vw, 591px\" \/><\/figure>\n\n\n\n<figure class=\"wp-block-image size-large\"><img loading=\"lazy\" decoding=\"async\" width=\"591\" height=\"394\" data-id=\"165875\" src=\"http:\/\/www.tucomarca.com\/wordpress\/segunda\/wp-content\/uploads\/2022\/08\/BenaguasilAutoritats.jpg\" alt=\"\" class=\"wp-image-165875\" srcset=\"https:\/\/www.tucomarca.com\/wordpress\/segunda\/wp-content\/uploads\/2022\/08\/BenaguasilAutoritats.jpg 591w, https:\/\/www.tucomarca.com\/wordpress\/segunda\/wp-content\/uploads\/2022\/08\/BenaguasilAutoritats-300x200.jpg 300w\" sizes=\"auto, (max-width: 591px) 100vw, 591px\" \/><\/figure>\n<\/figure>\n\n\n\n<p>Benaguasil es va vestir de gala divendres passat per a iniciar les seues festes patronals en honor a la Verge de Montiel. El tret d&#8217;eixida el va donar la presentaci\u00f3 de la Reina de les Festes, la jove Claudia Collado, i la seua Cort d&#8217;Honor, aix\u00ed com del Clavari Major, Miguel \u00c1ngel Civera i els festers.<\/p>\n\n\n\n<p>L&#8217;acte va comen\u00e7ar a l&#8217;Ajuntament, on la corporaci\u00f3 municipal va rebre a les joves per a celebrar el ple en el qual es va oficialitzar el nomenament de les festeres i els clavaris. Una vegada realitzat l&#8217;acte protocol\u00b7lari, la comitiva es va dirigir a l&#8217;Auditori per a celebrar l&#8217;emotiu acte de la presentaci\u00f3. All\u00ed, i abrigallats per familiars i amics, aix\u00ed com representants d&#8217;associacions, falles, clavaries i les autoritats municipals, la Reina de 2021 va procedir a coronar a Claudia, qui es va mostrar molt agra\u00efda i il\u00b7lusionada amb el seu nou c\u00e0rrec.<\/p>\n\n\n\n<p>Despr\u00e9s d&#8217;aix\u00f2, van ser cridades a l&#8217;escenari les dames d&#8217;honor i els festers. Imposades les carambas a cadascuna de les joves va arribar el moment dels parlaments, primer del clavari major de la Verge de Montiel, Adri\u00e1n Balaguer, posteriorment del mantenidor d&#8217;aquest acte, Vicent Gregori, i de l&#8217;alcalde de Benaguasil, Ximo Segarra.<\/p>\n\n\n\n<p>La presentaci\u00f3 dona inici a un extens programa festiu, en el qual la Regidoria ha previst diferents actes i activitats per a tots els p\u00fablics. Uns festejos que s&#8217;allargaran fins a mitjan setembre i en el qual no faltar\u00e0 la m\u00fasica, la cultura, la tradici\u00f3, i, sobretot, la il\u00b7lusi\u00f3 d&#8217;un poble que es bolca amb cada acte.<\/p>\n\n\n\n<figure class=\"wp-block-image size-full\"><img loading=\"lazy\" decoding=\"async\" width=\"591\" height=\"394\" src=\"http:\/\/www.tucomarca.com\/wordpress\/segunda\/wp-content\/uploads\/2022\/08\/BenaguasilGrupo.jpg\" alt=\"\" class=\"wp-image-165879\" srcset=\"https:\/\/www.tucomarca.com\/wordpress\/segunda\/wp-content\/uploads\/2022\/08\/BenaguasilGrupo.jpg 591w, https:\/\/www.tucomarca.com\/wordpress\/segunda\/wp-content\/uploads\/2022\/08\/BenaguasilGrupo-300x200.jpg 300w\" sizes=\"auto, (max-width: 591px) 100vw, 591px\" \/><\/figure>\n","protected":false},"excerpt":{"rendered":"<div class=\"mh-excerpt\">Centenares de vecinos acompa\u00f1aron a los representantes de la juventud en su presentaci\u00f3n Benaguasil es va vestir de gala divendres passat per a iniciar les seues festes patronals en honor a la Verge de Montiel. <a class=\"mh-excerpt-more\" href=\"https:\/\/www.tucomarca.com\/wordpress\/segunda\/ca\/benaguasil-corona-a-los-maximos-representantes-de-las-fiestas-patronales\/\" title=\"Benaguasil corona als m\u00e0xims representants de les festes patronals\u00a0\">[+] <\/a><\/div>\n","protected":false},"author":12,"featured_media":165882,"comment_status":"open","ping_status":"open","sticky":false,"template":"","format":"gallery","meta":{"footnotes":""},"categories":[172,10952,46,10892,10898,8,10894,5,11004,11007,7,11008,383,10896,3],"tags":[10429,11136,10395,10899,3665,14071],"class_list":{"0":"post-165884","1":"post","2":"type-post","3":"status-publish","4":"format-gallery","5":"has-post-thumbnail","7":"category-benaguasil","8":"category-benaguasil-ca","9":"category-camp-de-turia","10":"category-camp-de-turia-ca","11":"category-ventana-ca","12":"category-la-comarca","13":"category-la-comarca-ca","14":"category-la-semana-en-imagenes","15":"category-la-semana-en-imagenes-ca","16":"category-ocio-y-cultura-ca","17":"category-ocio-y-cultura","18":"category-pueblos-en-fiestas-ca","19":"category-pueblos-en-fiestas","20":"category-seccion-ca","21":"category-seccion","22":"tag-benaguasil","23":"tag-benaguasil-ca","24":"tag-camp-de-turia","25":"tag-camp-de-turia-ca","26":"tag-fiestas-patronales","27":"tag-fiestas-patronales-ca","28":"post_format-post-format-gallery"},"_links":{"self":[{"href":"https:\/\/www.tucomarca.com\/wordpress\/segunda\/ca\/wp-json\/wp\/v2\/posts\/165884","targetHints":{"allow":["GET"]}}],"collection":[{"href":"https:\/\/www.tucomarca.com\/wordpress\/segunda\/ca\/wp-json\/wp\/v2\/posts"}],"about":[{"href":"https:\/\/www.tucomarca.com\/wordpress\/segunda\/ca\/wp-json\/wp\/v2\/types\/post"}],"author":[{"embeddable":true,"href":"https:\/\/www.tucomarca.com\/wordpress\/segunda\/ca\/wp-json\/wp\/v2\/users\/12"}],"replies":[{"embeddable":true,"href":"https:\/\/www.tucomarca.com\/wordpress\/segunda\/ca\/wp-json\/wp\/v2\/comments?post=165884"}],"version-history":[{"count":0,"href":"https:\/\/www.tucomarca.com\/wordpress\/segunda\/ca\/wp-json\/wp\/v2\/posts\/165884\/revisions"}],"wp:featuredmedia":[{"embeddable":true,"href":"https:\/\/www.tucomarca.com\/wordpress\/segunda\/ca\/wp-json\/wp\/v2\/media\/165882"}],"wp:attachment":[{"href":"https:\/\/www.tucomarca.com\/wordpress\/segunda\/ca\/wp-json\/wp\/v2\/media?parent=165884"}],"wp:term":[{"taxonomy":"category","embeddable":true,"href":"https:\/\/www.tucomarca.com\/wordpress\/segunda\/ca\/wp-json\/wp\/v2\/categories?post=165884"},{"taxonomy":"post_tag","embeddable":true,"href":"https:\/\/www.tucomarca.com\/wordpress\/segunda\/ca\/wp-json\/wp\/v2\/tags?post=165884"}],"curies":[{"name":"wp","href":"https:\/\/api.w.org\/{rel}","templated":true}]}}