{"id":166019,"date":"2022-08-31T18:00:00","date_gmt":"2022-08-31T16:00:00","guid":{"rendered":"https:\/\/www.tucomarca.com\/wordpress\/segunda\/?p=166019"},"modified":"2022-09-14T13:59:33","modified_gmt":"2022-09-14T11:59:33","slug":"video-tucomarca-televisio-retransmet-en-directe-la-75-edicio-de-la-tomatina-que-bunyol-recupera-aquest-2022-despres-de-la-pandemia","status":"publish","type":"post","link":"https:\/\/www.tucomarca.com\/wordpress\/segunda\/ca\/video-tucomarca-televisio-retransmet-en-directe-la-75-edicio-de-la-tomatina-que-bunyol-recupera-aquest-2022-despres-de-la-pandemia\/","title":{"rendered":"Video: tucomarca televisi\u00f3 retransmet en directe la 75 edici\u00f3 de la Tomatina que Bunyol recupera aquest 2022 despr\u00e9s de la pand\u00e8mia"},"content":{"rendered":"\n<figure class=\"wp-block-embed is-type-video is-provider-youtube wp-block-embed-youtube wp-embed-aspect-16-9 wp-has-aspect-ratio\"><div class=\"wp-block-embed__wrapper\">\n<iframe loading=\"lazy\" title=\"Retransmisi\u00f3n en directo de La Tomatina 2022 de Bu\u00f1ol realizada por tucomarca televisi\u00f3n\" width=\"500\" height=\"281\" src=\"https:\/\/www.youtube.com\/embed\/T4oD-pZMIY0?feature=oembed\" frameborder=\"0\" allow=\"accelerometer; autoplay; clipboard-write; encrypted-media; gyroscope; picture-in-picture; web-share\" referrerpolicy=\"strict-origin-when-cross-origin\" allowfullscreen><\/iframe>\n<\/div><\/figure>\n\n\n\n<p>Retransmissi\u00f3 en directe de la Tomatina 2022 de Bunyol realitzada per <strong>tucomarca televisi\u00f3<\/strong> des de l&#8217;Ajuntament de la localitat aquest dimecres, 31 d&#8217;agost, amb les entrevistes als protagonistes de la jornada festiva que la localitat recupera despr\u00e9s de dos anys de pand\u00e8mia.<\/p>\n","protected":false},"excerpt":{"rendered":"<div class=\"mh-excerpt\">Retransmissi\u00f3 en directe de la Tomatina 2022 de Bunyol realitzada per tucomarca televisi\u00f3 des de l&#8217;Ajuntament de la localitat aquest dimecres, 31 d&#8217;agost, amb les entrevistes als protagonistes de la jornada festiva que la localitat <a class=\"mh-excerpt-more\" href=\"https:\/\/www.tucomarca.com\/wordpress\/segunda\/ca\/video-tucomarca-televisio-retransmet-en-directe-la-75-edicio-de-la-tomatina-que-bunyol-recupera-aquest-2022-despres-de-la-pandemia\/\" title=\"Video: tucomarca televisi\u00f3 retransmet en directe la 75 edici\u00f3 de la Tomatina que Bunyol recupera aquest 2022 despr\u00e9s de la pand\u00e8mia\">[+] <\/a><\/div>\n","protected":false},"author":1,"featured_media":166016,"comment_status":"open","ping_status":"open","sticky":false,"template":"","format":"video","meta":{"footnotes":""},"categories":[18,10911,10898,8,10894,10904,72,10912,10,5,11004,11007,7,11008,383,10896,3,45,26,11062],"tags":[16179,16182,10385,10913,11314,11108,5952,10914,7689,11740,12477,12478,96,11185,16521],"class_list":{"0":"post-166019","1":"post","2":"type-post","3":"status-publish","4":"format-video","5":"has-post-thumbnail","7":"category-bunol","8":"category-bunol-ca","9":"category-ventana-ca","10":"category-la-comarca","11":"category-la-comarca-ca","12":"category-sin-categorizar-ca","13":"category-sin-categorizar","14":"category-la-hoya-ca","15":"category-la-hoya","16":"category-la-semana-en-imagenes","17":"category-la-semana-en-imagenes-ca","18":"category-ocio-y-cultura-ca","19":"category-ocio-y-cultura","20":"category-pueblos-en-fiestas-ca","21":"category-pueblos-en-fiestas","22":"category-seccion-ca","23":"category-seccion","24":"category-ventana","25":"category-video","26":"category-videos","27":"tag-16179","28":"tag-2022-ca","29":"tag-bunol","30":"tag-bunol-ca","31":"tag-bunyol-ca","32":"tag-la-foia-de-bunyol-xiva","33":"tag-la-hoya-de-bunol-chiva","34":"tag-la-hoya-de-bunol-chiva-ca","35":"tag-la-tomatina","36":"tag-la-tomatina-ca","37":"tag-la-tomatina-de-bunol","38":"tag-la-tomatina-de-bunol-ca","39":"tag-tomatina","40":"tag-tomatina-ca","41":"tag-tomatina-2022-ca","42":"post_format-post-format-video"},"_links":{"self":[{"href":"https:\/\/www.tucomarca.com\/wordpress\/segunda\/ca\/wp-json\/wp\/v2\/posts\/166019","targetHints":{"allow":["GET"]}}],"collection":[{"href":"https:\/\/www.tucomarca.com\/wordpress\/segunda\/ca\/wp-json\/wp\/v2\/posts"}],"about":[{"href":"https:\/\/www.tucomarca.com\/wordpress\/segunda\/ca\/wp-json\/wp\/v2\/types\/post"}],"author":[{"embeddable":true,"href":"https:\/\/www.tucomarca.com\/wordpress\/segunda\/ca\/wp-json\/wp\/v2\/users\/1"}],"replies":[{"embeddable":true,"href":"https:\/\/www.tucomarca.com\/wordpress\/segunda\/ca\/wp-json\/wp\/v2\/comments?post=166019"}],"version-history":[{"count":0,"href":"https:\/\/www.tucomarca.com\/wordpress\/segunda\/ca\/wp-json\/wp\/v2\/posts\/166019\/revisions"}],"wp:featuredmedia":[{"embeddable":true,"href":"https:\/\/www.tucomarca.com\/wordpress\/segunda\/ca\/wp-json\/wp\/v2\/media\/166016"}],"wp:attachment":[{"href":"https:\/\/www.tucomarca.com\/wordpress\/segunda\/ca\/wp-json\/wp\/v2\/media?parent=166019"}],"wp:term":[{"taxonomy":"category","embeddable":true,"href":"https:\/\/www.tucomarca.com\/wordpress\/segunda\/ca\/wp-json\/wp\/v2\/categories?post=166019"},{"taxonomy":"post_tag","embeddable":true,"href":"https:\/\/www.tucomarca.com\/wordpress\/segunda\/ca\/wp-json\/wp\/v2\/tags?post=166019"}],"curies":[{"name":"wp","href":"https:\/\/api.w.org\/{rel}","templated":true}]}}