{"id":166042,"date":"2022-08-30T14:00:00","date_gmt":"2022-08-30T12:00:00","guid":{"rendered":"https:\/\/www.tucomarca.com\/wordpress\/segunda\/?p=166042"},"modified":"2022-09-14T14:26:22","modified_gmt":"2022-09-14T12:26:22","slug":"carla-garcia-iranzo-inicia-el-seu-regnat-de-la-fira-i-festes-dutiel-2022","status":"publish","type":"post","link":"https:\/\/www.tucomarca.com\/wordpress\/segunda\/ca\/carla-garcia-iranzo-inicia-el-seu-regnat-de-la-fira-i-festes-dutiel-2022\/","title":{"rendered":"Carla Garc\u00eda Iranzo inicia el seu regnat de la Fira i Festes d&#8217;Utiel 2022&nbsp;"},"content":{"rendered":"\n<h4 class=\"wp-block-heading\">Les festes patronals d&#8217;Utiel comen\u00e7aran divendres que ve 2 de setembre i es prolongaran fins a l&#8217;11 de setembre.&nbsp;<\/h4>\n\n\n\n<h4 class=\"wp-block-heading\">El preg\u00f3 anunciador de la Fira d&#8217;Utiel 2022 ser\u00e0 a c\u00e0rrec de Jos\u00e9 Jim\u00e9nez \u201cJoselito\u201d&nbsp;<\/h4>\n\n\n\n<figure class=\"wp-block-image size-full\"><img loading=\"lazy\" decoding=\"async\" width=\"886\" height=\"591\" src=\"http:\/\/www.tucomarca.com\/wordpress\/segunda\/wp-content\/uploads\/2022\/09\/UtielReinaCorteH.jpg\" alt=\"\" class=\"wp-image-166039\" srcset=\"https:\/\/www.tucomarca.com\/wordpress\/segunda\/wp-content\/uploads\/2022\/09\/UtielReinaCorteH.jpg 886w, https:\/\/www.tucomarca.com\/wordpress\/segunda\/wp-content\/uploads\/2022\/09\/UtielReinaCorteH-300x200.jpg 300w, https:\/\/www.tucomarca.com\/wordpress\/segunda\/wp-content\/uploads\/2022\/09\/UtielReinaCorteH-768x512.jpg 768w\" sizes=\"auto, (max-width: 886px) 100vw, 886px\" \/><\/figure>\n\n\n\n<p>Dissabte passat, 27 d&#8217;agost, despr\u00e9s de l&#8217;acte de proclamaci\u00f3 celebrat en el Teatre Rambal, la Srta. Carla Garc\u00eda Iranzo iniciava el seu Regnat de la Fira i Festes d&#8217;Utiel 2022 al costat de les seues 16 Dames d&#8217;Honor.&nbsp;<br>Un acte emotiu que va comptar amb la intervenci\u00f3 com a mantenidor del periodista i historiador d&#8217;ascend\u00e8ncia utielana, Sr. Miguel \u00c1ngel Villena, redactor de les seccions de Cultura i Internacional del Peri\u00f2dic El Pa\u00eds durant m\u00e9s de 20 anys i reconegut escriptor que l&#8217;any passat va guanyar el premi Cometes d&#8217;Hist\u00f2ria, Biografia i Mem\u00f2ries amb la publicaci\u00f3 biogr\u00e0fica del cineasta d&#8217;arrels utielanas Luis Garc\u00eda Berlanga \u00abBerlanga. Vida i cinema d&#8217;un creador irreverent\u00bb.<\/p>\n\n\n\n<p>Miguel \u00c1ngel Villena va relatar an\u00e8cdotes i records especials de la seua inf\u00e0ncia i adolesc\u00e8ncia a Utiel i va remarcar el vincle afectiu que li continua unint a Utiel.&nbsp;<\/p>\n\n\n\n<p>A l&#8217;acte de presentaci\u00f3 de la reina tamb\u00e9 assistia el pregoner de la Fira i Festes d&#8217;Utiel 2022, el reconegut artista, cantant i actor, Jos\u00e9 Jim\u00e9nez \u201cJoselito \u201c.<\/p>\n\n\n\n<p>Des de l&#8217;Ajuntament d&#8217;Utiel traslladem nostra m\u00e9s sincera enhorabona a la reina i dames d&#8217;aquesta Fira&nbsp;2022 a les quals, despr\u00e9s de 2 anys d&#8217;espera, les animem a gaudir al m\u00e0xim de cada moment de les nostres festes patronals. Aix\u00ed mateix, felicitem la reina sortint, Srta. Alba Murgui Romero i la seua cort d&#8217;honor per la seua extraordin\u00e0ria representaci\u00f3 d&#8217;Utiel durant el seu prolongat regnat.&nbsp; &nbsp;&nbsp;<br><\/p>\n\n\n\n<p>Imatges cedides per Yago Fotograf\u00eda &amp; Art<\/p>\n","protected":false},"excerpt":{"rendered":"<div class=\"mh-excerpt\">Les festes patronals d&#8217;Utiel comen\u00e7aran divendres que ve 2 de setembre i es prolongaran fins a l&#8217;11 de setembre.&nbsp; El preg\u00f3 anunciador de la Fira d&#8217;Utiel 2022 ser\u00e0 a c\u00e0rrec de Jos\u00e9 Jim\u00e9nez \u201cJoselito\u201d&nbsp; Dissabte <a class=\"mh-excerpt-more\" href=\"https:\/\/www.tucomarca.com\/wordpress\/segunda\/ca\/carla-garcia-iranzo-inicia-el-seu-regnat-de-la-fira-i-festes-dutiel-2022\/\" title=\"Carla Garc\u00eda Iranzo inicia el seu regnat de la Fira i Festes d&#8217;Utiel 2022&nbsp;\">[+] <\/a><\/div>\n","protected":false},"author":12,"featured_media":166038,"comment_status":"open","ping_status":"open","sticky":false,"template":"","format":"standard","meta":{"footnotes":""},"categories":[11019,8,10894,5,11004,11007,7,11008,383,27,10909,10896,3,29,11059],"tags":[17720,17721,10387,10910,10389,11174],"class_list":{"0":"post-166042","1":"post","2":"type-post","3":"status-publish","4":"format-standard","5":"has-post-thumbnail","7":"category-agenda-ca","8":"category-la-comarca","9":"category-la-comarca-ca","10":"category-la-semana-en-imagenes","11":"category-la-semana-en-imagenes-ca","12":"category-ocio-y-cultura-ca","13":"category-ocio-y-cultura","14":"category-pueblos-en-fiestas-ca","15":"category-pueblos-en-fiestas","16":"category-requena-utiel","17":"category-requena-utiel-ca","18":"category-seccion-ca","19":"category-seccion","20":"category-utiel","21":"category-utiel-ca","22":"tag-feria-y-fiestas-de-utiel","23":"tag-feria-y-fiestas-de-utiel-ca","24":"tag-requena-utiel","25":"tag-requena-utiel-ca","26":"tag-utiel","27":"tag-utiel-ca"},"_links":{"self":[{"href":"https:\/\/www.tucomarca.com\/wordpress\/segunda\/ca\/wp-json\/wp\/v2\/posts\/166042","targetHints":{"allow":["GET"]}}],"collection":[{"href":"https:\/\/www.tucomarca.com\/wordpress\/segunda\/ca\/wp-json\/wp\/v2\/posts"}],"about":[{"href":"https:\/\/www.tucomarca.com\/wordpress\/segunda\/ca\/wp-json\/wp\/v2\/types\/post"}],"author":[{"embeddable":true,"href":"https:\/\/www.tucomarca.com\/wordpress\/segunda\/ca\/wp-json\/wp\/v2\/users\/12"}],"replies":[{"embeddable":true,"href":"https:\/\/www.tucomarca.com\/wordpress\/segunda\/ca\/wp-json\/wp\/v2\/comments?post=166042"}],"version-history":[{"count":0,"href":"https:\/\/www.tucomarca.com\/wordpress\/segunda\/ca\/wp-json\/wp\/v2\/posts\/166042\/revisions"}],"wp:featuredmedia":[{"embeddable":true,"href":"https:\/\/www.tucomarca.com\/wordpress\/segunda\/ca\/wp-json\/wp\/v2\/media\/166038"}],"wp:attachment":[{"href":"https:\/\/www.tucomarca.com\/wordpress\/segunda\/ca\/wp-json\/wp\/v2\/media?parent=166042"}],"wp:term":[{"taxonomy":"category","embeddable":true,"href":"https:\/\/www.tucomarca.com\/wordpress\/segunda\/ca\/wp-json\/wp\/v2\/categories?post=166042"},{"taxonomy":"post_tag","embeddable":true,"href":"https:\/\/www.tucomarca.com\/wordpress\/segunda\/ca\/wp-json\/wp\/v2\/tags?post=166042"}],"curies":[{"name":"wp","href":"https:\/\/api.w.org\/{rel}","templated":true}]}}