{"id":166070,"date":"2022-08-31T09:00:00","date_gmt":"2022-08-31T07:00:00","guid":{"rendered":"https:\/\/www.tucomarca.com\/wordpress\/segunda\/?p=166070"},"modified":"2022-09-14T14:16:12","modified_gmt":"2022-09-14T12:16:12","slug":"el-fort-vendaval-danya-la-font-del-vi-de-requena-al-legorica-a-la-vereme","status":"publish","type":"post","link":"https:\/\/www.tucomarca.com\/wordpress\/segunda\/ca\/el-fort-vendaval-danya-la-font-del-vi-de-requena-al-legorica-a-la-vereme\/","title":{"rendered":"El fort vendaval danya la Font del Vi de Requena, al.leg\u00f2rica a la verema"},"content":{"rendered":"\n<p>El fort vendaval que es va abatre sobre Requena, entorn de les 20 hores del dimarts, va danyar\u00a0 la Font del Vi, al\u00b7leg\u00f2rica a la Verema. Ahir els artistes que la van construir estaven restaurant els desperfectes.<\/p>\n\n\n\n<p>Fins que finalitze la LXXIII Festa de la Verema, pel Monument Universal a la Verema i pels monuments de cart\u00f3-pedra rajar\u00e0 vi fresc que ser\u00e0 oferit per a la seua degustaci\u00f3 gratu\u00efta a la temperatura \u00f2ptima de consum.<\/p>\n\n\n\n<figure class=\"wp-block-image size-full\"><img loading=\"lazy\" decoding=\"async\" width=\"591\" height=\"578\" src=\"http:\/\/www.tucomarca.com\/wordpress\/segunda\/wp-content\/uploads\/2022\/09\/RequenaFuentedelVino02.jpg\" alt=\"\" class=\"wp-image-166052\" srcset=\"https:\/\/www.tucomarca.com\/wordpress\/segunda\/wp-content\/uploads\/2022\/09\/RequenaFuentedelVino02.jpg 591w, https:\/\/www.tucomarca.com\/wordpress\/segunda\/wp-content\/uploads\/2022\/09\/RequenaFuentedelVino02-300x293.jpg 300w\" sizes=\"auto, (max-width: 591px) 100vw, 591px\" \/><\/figure>\n\n\n\n<p>En una foto\u00a0 s&#8217;observa el mal causat pel vent a la Font del Vi i en l&#8217;altra, els treballs de restauraci\u00f3. Informa, <strong>Luis Ib\u00e1\u00f1ez<\/strong>. <\/p>\n","protected":false},"excerpt":{"rendered":"<div class=\"mh-excerpt\">El fort vendaval que es va abatre sobre Requena, entorn de les 20 hores del dimarts, va danyar\u00a0 la Font del Vi, al\u00b7leg\u00f2rica a la Verema. Ahir els artistes que la van construir estaven restaurant <a class=\"mh-excerpt-more\" href=\"https:\/\/www.tucomarca.com\/wordpress\/segunda\/ca\/el-fort-vendaval-danya-la-font-del-vi-de-requena-al-legorica-a-la-vereme\/\" title=\"El fort vendaval danya la Font del Vi de Requena, al.leg\u00f2rica a la verema\">[+] <\/a><\/div>\n","protected":false},"author":12,"featured_media":166055,"comment_status":"open","ping_status":"open","sticky":false,"template":"","format":"standard","meta":{"footnotes":""},"categories":[10905,11006,10948,8,10894,72,11004,11007,11008,10908,28,10909,27,10896,3,10897,116],"tags":[10388,11099,10387,10910],"class_list":{"0":"post-166070","1":"post","2":"type-post","3":"status-publish","4":"format-standard","5":"has-post-thumbnail","7":"category-agricultura-la-comarca-ca","8":"category-canal-vinos","9":"category-infraestructuras-ca","10":"category-la-comarca","11":"category-la-comarca-ca","12":"category-sin-categorizar","13":"category-la-semana-en-imagenes-ca","14":"category-ocio-y-cultura-ca","15":"category-pueblos-en-fiestas-ca","16":"category-requena-ca","17":"category-requena","18":"category-requena-utiel-ca","19":"category-requena-utiel","20":"category-seccion-ca","21":"category-seccion","22":"category-sucesos-la-comarca-ca","23":"category-sucesos-la-comarca","24":"tag-requena","25":"tag-requena-ca","26":"tag-requena-utiel","27":"tag-requena-utiel-ca"},"_links":{"self":[{"href":"https:\/\/www.tucomarca.com\/wordpress\/segunda\/ca\/wp-json\/wp\/v2\/posts\/166070","targetHints":{"allow":["GET"]}}],"collection":[{"href":"https:\/\/www.tucomarca.com\/wordpress\/segunda\/ca\/wp-json\/wp\/v2\/posts"}],"about":[{"href":"https:\/\/www.tucomarca.com\/wordpress\/segunda\/ca\/wp-json\/wp\/v2\/types\/post"}],"author":[{"embeddable":true,"href":"https:\/\/www.tucomarca.com\/wordpress\/segunda\/ca\/wp-json\/wp\/v2\/users\/12"}],"replies":[{"embeddable":true,"href":"https:\/\/www.tucomarca.com\/wordpress\/segunda\/ca\/wp-json\/wp\/v2\/comments?post=166070"}],"version-history":[{"count":0,"href":"https:\/\/www.tucomarca.com\/wordpress\/segunda\/ca\/wp-json\/wp\/v2\/posts\/166070\/revisions"}],"wp:featuredmedia":[{"embeddable":true,"href":"https:\/\/www.tucomarca.com\/wordpress\/segunda\/ca\/wp-json\/wp\/v2\/media\/166055"}],"wp:attachment":[{"href":"https:\/\/www.tucomarca.com\/wordpress\/segunda\/ca\/wp-json\/wp\/v2\/media?parent=166070"}],"wp:term":[{"taxonomy":"category","embeddable":true,"href":"https:\/\/www.tucomarca.com\/wordpress\/segunda\/ca\/wp-json\/wp\/v2\/categories?post=166070"},{"taxonomy":"post_tag","embeddable":true,"href":"https:\/\/www.tucomarca.com\/wordpress\/segunda\/ca\/wp-json\/wp\/v2\/tags?post=166070"}],"curies":[{"name":"wp","href":"https:\/\/api.w.org\/{rel}","templated":true}]}}