{"id":166157,"date":"2022-08-30T09:30:00","date_gmt":"2022-08-30T07:30:00","guid":{"rendered":"https:\/\/www.tucomarca.com\/wordpress\/segunda\/?p=166157"},"modified":"2022-09-14T14:47:43","modified_gmt":"2022-09-14T12:47:43","slug":"riba-roja-posa-en-marxa-un-programa-datencio-a-xiquets-i-xiquetes-de-0-a-3-anys-en-situacio-de-risc-de-diversitat-funcional-discapacitat-dependencia-vulnerabilitat-o-discriminacio","status":"publish","type":"post","link":"https:\/\/www.tucomarca.com\/wordpress\/segunda\/ca\/riba-roja-posa-en-marxa-un-programa-datencio-a-xiquets-i-xiquetes-de-0-a-3-anys-en-situacio-de-risc-de-diversitat-funcional-discapacitat-dependencia-vulnerabilitat-o-discriminacio\/","title":{"rendered":"Riba-roja posa en marxa un programa d&#8217;atenci\u00f3 a xiquets i xiquetes de 0 a 3 anys en situaci\u00f3 de risc de diversitat funcional, discapacitat, depend\u00e8ncia, vulnerabilitat o discriminaci\u00f3"},"content":{"rendered":"\n<p><strong>L&#8217;\u00e0rea de Pol\u00edtiques Inclusives, Drets Socials i Majors de la localitat implanta el programa d&#8217;Atenci\u00f3 al Desenvolupament Infantil (ADI) en les fases de prevenci\u00f3 i en intervenci\u00f3 de problemes<\/strong><\/p>\n\n\n\n<p>L&#8217;Ajuntament de Riba-roja de T\u00faria posar\u00e0 en marxa des del pr\u00f2xim 1 de setembre el programa d&#8217;Atenci\u00f3 al Desenvolupament Infantil (ADI) l&#8217;objectiu del qual \u00e9s la prevenci\u00f3, diagn\u00f2stic i intervenci\u00f3 en la poblaci\u00f3 infantil, de 0 a 3 anys. Les actuacions se centren no sols en els xiquets i les xiquetes sin\u00f3 tamb\u00e9 en les fam\u00edlies i en els seus entorns en les situacions de risc de diversitat funcional o discapacitat, depend\u00e8ncia, vulnerabilitat o discriminaci\u00f3.&nbsp;<\/p>\n\n\n\n<p>Aquesta iniciativa municipal es posar\u00e0 en marxa a trav\u00e9s de l&#8217;\u00e0rea de Pol\u00edtiques Inclusives, Drets Socials i Majors de Riba-roja de T\u00faria i compta amb una subvenci\u00f3 econ\u00f2mica per part de la Conselleria d&#8217;Igualtat i Pol\u00edtiques Inclusives. El seu g\u00e8nesi s&#8217;emmarca en l&#8217;atenci\u00f3 prim\u00e0ria b\u00e0sica de Serveis Socials amb la funci\u00f3 principal d&#8217;actuar en els xiquets i xiquetes de 0 a 3 anys i, principalment, en les seues fam\u00edlies i els seus entorns per a evitar situacions de risc.&nbsp;<\/p>\n\n\n\n<p>Des de l&#8217;Ajuntament de Riba-roja de T\u00faria es considera essencial una intervenci\u00f3 des de l&#8217;\u00e0mbit municipal per a crear una relaci\u00f3 m\u00e9s estreta amb les fam\u00edlies i amb els \u00e0mbits d&#8217;actuaci\u00f3 m\u00e9s pr\u00f2xims dels xiquets i xiquetes afectats, com els Serveis Socials, Sanitat i Educaci\u00f3, entre altres. Per aix\u00f2, es tracta d&#8217;un servei de car\u00e0cter comunitari amb l&#8217;afany de configurar entorns favorables al desenvolupament dels xiquets i les xiquetes.&nbsp;<\/p>\n\n\n\n<p>Entre els objectius que es plantegen en aquest nou programa cal destacar les accions preventives i de promoci\u00f3 encaminades als xiquets i xiquetes amb el risc de patir una alteraci\u00f3 en el seu desenvolupament i en les seues fam\u00edlies per a optimitzar i potenciar les seues capacitats i habilitats parentals que faciliten la seua maduraci\u00f3 en tots els \u00e0mbits possibles i, al mateix temps, aconseguir el m\u00e0xim nivell en el desenvolupament persona i en la inclusi\u00f3 social.&nbsp;<\/p>\n\n\n\n<p>Un altre dels prop\u00f2sits del programa municipal \u00e9s proporcionar recursos i suports que ajuden a generar entorns beneficiosos per al desenvolupament dels xiquets i xiquetes des d&#8217;edats primerenques, a m\u00e9s de previndre possibles problemes que puguen sorgir en el per\u00edode de la crian\u00e7a. L&#8217;ampliaci\u00f3 de la detecci\u00f3 preco\u00e7 de xiquets i xiquetes que puguen presentar alguna dificultat o que presenten factors de risc que puguen interferir en el seu desenvolupament \u00e9s un altre dels objectius del pla. Per a aix\u00f2, \u00e9s necess\u00e0ria, tamb\u00e9, la valoraci\u00f3 diagn\u00f2stica i el seguiment del desenvolupament i l&#8217;orientaci\u00f3 psicopedag\u00f2gica d&#8217;aquells xiquets que presenten alguna dificultat o factors de risc.&nbsp;<\/p>\n\n\n\n<p>Previndre i atendre les situacions de risc que es produeixen en el marc de la fam\u00edlia o unitat de conviv\u00e8ncia que faciliten l&#8217;adequada maduraci\u00f3 del xiquet i la xiqueta en tots els \u00e0mbits i que els permeta, al mateix temps, aconseguir el m\u00e0xim nivell de desenvolupament personal i d&#8217;inclusi\u00f3 social. Per a realitzar aquestes funcions, el servei comptar\u00e0 amb un equip multidisciplinari compost per una psic\u00f2loga i una persona terapeuta ocupacional. L&#8217;horari d&#8217;atenci\u00f3 al p\u00fablic ser\u00e0 dilluns, dimecres i divendres, de 9 a 13.30 hores, amb cita pr\u00e8via, en el Centre Municipal \u201cLa Botaia\u201d.&nbsp;<\/p>\n\n\n\n<p>Les activitats que es duran a terme en aquest servei tindran un car\u00e0cter preventiu i educatiu, dirigides a fam\u00edlies on es resolen tot tipus de dubtes de car\u00e0cter psicopedag\u00f2gic, amb la pretensi\u00f3 de dotar de recursos als adults de l&#8217;entorn dels xiquets i xiquetes de manera que ajuden a interactuar amb ells de manera que millore el seu desenvolupament. Aix\u00ed, els familiars se senten acompanyats professionalment i es prevenen moltes dificultats trobades durant la seua crian\u00e7a.&nbsp;<\/p>\n\n\n\n<p>Entre els mitjans que s&#8217;utilitzen en aquest programa municipal de Riba-roja de T\u00faria cal destacar algunes eines com les xarrades, les tert\u00falies, els tallers i un altre tipus d&#8217;activitats de formaci\u00f3 dirigides a pares\/mares i professionals. D&#8217;aquesta manera, es facilita l&#8217;adquisici\u00f3 i manteniment de les habilitats perceptives, motrius, cognitives, afectives, ling\u00fc\u00edstiques i socials que possibiliten la seua interacci\u00f3 amb el m\u00f3n circumdant. Tamb\u00e9 es pretenen completar amb iniciatives i intervenci\u00f3 en l&#8217;entorn on viu la fam\u00edlia per a aconseguir una millor qualitat de vida.&nbsp;<\/p>\n\n\n\n<p>L&#8217;alcalde de Riba-roja de T\u00faria, Robert Raga, ha subratllat la necessitat de \u201cposar en marxa aquest tipus de programa per iniciativa del departament de Serveis Socials ja que es tracta d&#8217;una atenci\u00f3 dirigida especialment cap als xiquets i xiquetes de 0 a 3 anys, amb plans d&#8217;intervenci\u00f3 per a previndre diverses situacions de risc al mateix temps que es posen en marxa mecanismes per a actuar quan es presenten diversos problemes en aqueixes mateixes persones i les seues fam\u00edlies; per aix\u00f2, des de l&#8217;equip de govern apostem per anteposar el benestar de les persones en la nostra societat\u201d.<\/p>\n","protected":false},"excerpt":{"rendered":"<div class=\"mh-excerpt\">L&#8217;\u00e0rea de Pol\u00edtiques Inclusives, Drets Socials i Majors de la localitat implanta el programa d&#8217;Atenci\u00f3 al Desenvolupament Infantil (ADI) en les fases de prevenci\u00f3 i en intervenci\u00f3 de problemes L&#8217;Ajuntament de Riba-roja de T\u00faria posar\u00e0 <a class=\"mh-excerpt-more\" href=\"https:\/\/www.tucomarca.com\/wordpress\/segunda\/ca\/riba-roja-posa-en-marxa-un-programa-datencio-a-xiquets-i-xiquetes-de-0-a-3-anys-en-situacio-de-risc-de-diversitat-funcional-discapacitat-dependencia-vulnerabilitat-o-discriminacio\/\" title=\"Riba-roja posa en marxa un programa d&#8217;atenci\u00f3 a xiquets i xiquetes de 0 a 3 anys en situaci\u00f3 de risc de diversitat funcional, discapacitat, depend\u00e8ncia, vulnerabilitat o discriminaci\u00f3\">[+] <\/a><\/div>\n","protected":false},"author":13,"featured_media":166155,"comment_status":"open","ping_status":"open","sticky":false,"template":"","format":"standard","meta":{"footnotes":""},"categories":[46,10892,128,10948,8,10894,72,10947,182,10906,10896,3],"tags":[10395,10899,1939,17678,1504,11102],"class_list":{"0":"post-166157","1":"post","2":"type-post","3":"status-publish","4":"format-standard","5":"has-post-thumbnail","7":"category-camp-de-turia","8":"category-camp-de-turia-ca","9":"category-infraestructuras","10":"category-infraestructuras-ca","11":"category-la-comarca","12":"category-la-comarca-ca","13":"category-sin-categorizar","14":"category-politica","15":"category-riba-roja","16":"category-riba-roja-ca","17":"category-seccion-ca","18":"category-seccion","19":"tag-camp-de-turia","20":"tag-camp-de-turia-ca","21":"tag-integracion","22":"tag-integracion-ca","23":"tag-riba-roja-2","24":"tag-riba-roja-2-ca"},"_links":{"self":[{"href":"https:\/\/www.tucomarca.com\/wordpress\/segunda\/ca\/wp-json\/wp\/v2\/posts\/166157","targetHints":{"allow":["GET"]}}],"collection":[{"href":"https:\/\/www.tucomarca.com\/wordpress\/segunda\/ca\/wp-json\/wp\/v2\/posts"}],"about":[{"href":"https:\/\/www.tucomarca.com\/wordpress\/segunda\/ca\/wp-json\/wp\/v2\/types\/post"}],"author":[{"embeddable":true,"href":"https:\/\/www.tucomarca.com\/wordpress\/segunda\/ca\/wp-json\/wp\/v2\/users\/13"}],"replies":[{"embeddable":true,"href":"https:\/\/www.tucomarca.com\/wordpress\/segunda\/ca\/wp-json\/wp\/v2\/comments?post=166157"}],"version-history":[{"count":0,"href":"https:\/\/www.tucomarca.com\/wordpress\/segunda\/ca\/wp-json\/wp\/v2\/posts\/166157\/revisions"}],"wp:featuredmedia":[{"embeddable":true,"href":"https:\/\/www.tucomarca.com\/wordpress\/segunda\/ca\/wp-json\/wp\/v2\/media\/166155"}],"wp:attachment":[{"href":"https:\/\/www.tucomarca.com\/wordpress\/segunda\/ca\/wp-json\/wp\/v2\/media?parent=166157"}],"wp:term":[{"taxonomy":"category","embeddable":true,"href":"https:\/\/www.tucomarca.com\/wordpress\/segunda\/ca\/wp-json\/wp\/v2\/categories?post=166157"},{"taxonomy":"post_tag","embeddable":true,"href":"https:\/\/www.tucomarca.com\/wordpress\/segunda\/ca\/wp-json\/wp\/v2\/tags?post=166157"}],"curies":[{"name":"wp","href":"https:\/\/api.w.org\/{rel}","templated":true}]}}