{"id":166175,"date":"2022-08-31T10:00:00","date_gmt":"2022-08-31T08:00:00","guid":{"rendered":"https:\/\/www.tucomarca.com\/wordpress\/segunda\/?p=166175"},"modified":"2022-09-14T14:11:35","modified_gmt":"2022-09-14T12:11:35","slug":"les-festes-patronals-de-benaguasil-comptaran-amb-punts-violetes-durant-la-seua-celebracio","status":"publish","type":"post","link":"https:\/\/www.tucomarca.com\/wordpress\/segunda\/ca\/les-festes-patronals-de-benaguasil-comptaran-amb-punts-violetes-durant-la-seua-celebracio\/","title":{"rendered":"Les festes patronals de Benaguasil comptaran amb punts violetes durant la seua celebraci\u00f3"},"content":{"rendered":"\n<p><strong>El servei s&#8217;instal\u00b7lar\u00e0 en llocs estrat\u00e8gics per a previndre i garantir una atenci\u00f3 m\u00e9s efica\u00e7 a possibles v\u00edctimes d&#8217;agressions sexistes.<\/strong><\/p>\n\n\n\n<p>La igualtat de g\u00e8nere i l&#8217;erradicaci\u00f3 de la viol\u00e8ncia masclista s\u00f3n dues dels objectius fonamentals per a aconseguir una societat m\u00e9s justa i equitativa. Amb motiu de la celebraci\u00f3 de les Festes Patronals en honor a la Verge de Montiel, l&#8217;Ajuntament de Benaguasil instal\u00b7lar\u00e0 un Punt Violeta en llocs estrat\u00e8gics durant el temps que transc\u00f3rreguen les festes, tot aix\u00f2 per a sensibilitzar i informar en mat\u00e8ria de viol\u00e8ncia de g\u00e8nere i atendre possibles v\u00edctimes en cas d&#8217;assetjament o agressi\u00f3 sexual.<\/p>\n\n\n\n<p>\u201cEl servei ser\u00e0 coordinat per especialistes amb formaci\u00f3 i experi\u00e8ncia pr\u00e8via en mat\u00e8ria d&#8217;igualtat de g\u00e8nere de la consultora social, EQU\u00c0LITAT, participaci\u00f3 i Igualtat; i comptar\u00e0 amb un doble protocol d&#8217;actuaci\u00f3, un d&#8217;ells destinat a agressions masclistes i un altre espec\u00edfic en cas de submissi\u00f3 qu\u00edmica mitjan\u00e7ant burxada\u201d, ha informat Alicia Molina Santiago, regidora d&#8217;Igualtat.&nbsp;<\/p>\n\n\n\n<p>A m\u00e9s, l&#8217;edil ha manifestat el comprom\u00eds de tot l&#8217;equip de govern a \u201ctreballar en pro d&#8217;unes celebracions segures per a tot el ve\u00efnatge, posant tots els mitjans econ\u00f2mics, t\u00e8cnics i humans dels quals es disposa a nivell local per a intervindre efica\u00e7ment davant possibles casos de viol\u00e8ncia sexual o sexista\u201d.<\/p>\n\n\n\n<p>Conv\u00e9 recordar que la submissi\u00f3 qu\u00edmica, consisteix a administrar f\u00e0rmacs o drogues a les dones per a realitzar, en aquest cas, agressions sexuals. Es tracta d&#8217;un assumpte de not\u00f2ria actualitat desgraciadament i per aquest fet \u201chem d&#8217;estar en alerta i mobilitzar els dispositius sanitaris i de seguretat, ja que es tracta d&#8217;un nou perill que demostra la desigualtat de g\u00e8nere i les conductes sexistes\u201d, ha indicat Alicia Molina Santiago.<\/p>\n\n\n\n<p>Els Punts Violetes acosten el servei d&#8217;atenci\u00f3 a l&#8217;entorn directe de la v\u00edctima i permeten facilitar informaci\u00f3 per a sensibilitzar en mat\u00e8ria d&#8217;igualtat, contribuint aix\u00ed a l&#8217;erradicaci\u00f3 de comportaments desigualitarios i de la viol\u00e8ncia de g\u00e8nere.<br>El consistori recorda la import\u00e0ncia de garantir unes festes lliures i segures, en la qual totes les persones assistents puguen gaudir les festivitats patronals amb independ\u00e8ncia del seu sexe.<\/p>\n","protected":false},"excerpt":{"rendered":"<div class=\"mh-excerpt\">El servei s&#8217;instal\u00b7lar\u00e0 en llocs estrat\u00e8gics per a previndre i garantir una atenci\u00f3 m\u00e9s efica\u00e7 a possibles v\u00edctimes d&#8217;agressions sexistes. La igualtat de g\u00e8nere i l&#8217;erradicaci\u00f3 de la viol\u00e8ncia masclista s\u00f3n dues dels objectius fonamentals <a class=\"mh-excerpt-more\" href=\"https:\/\/www.tucomarca.com\/wordpress\/segunda\/ca\/les-festes-patronals-de-benaguasil-comptaran-amb-punts-violetes-durant-la-seua-celebracio\/\" title=\"Les festes patronals de Benaguasil comptaran amb punts violetes durant la seua celebraci\u00f3\">[+] <\/a><\/div>\n","protected":false},"author":13,"featured_media":166173,"comment_status":"open","ping_status":"open","sticky":false,"template":"","format":"standard","meta":{"footnotes":""},"categories":[11019,172,10952,46,10892,10948,10894,5,11004,11007,11008,10947,383,10896,3],"tags":[10429,11136,10395,10899,355,11191],"class_list":{"0":"post-166175","1":"post","2":"type-post","3":"status-publish","4":"format-standard","5":"has-post-thumbnail","7":"category-agenda-ca","8":"category-benaguasil","9":"category-benaguasil-ca","10":"category-camp-de-turia","11":"category-camp-de-turia-ca","12":"category-infraestructuras-ca","13":"category-la-comarca-ca","14":"category-la-semana-en-imagenes","15":"category-la-semana-en-imagenes-ca","16":"category-ocio-y-cultura-ca","17":"category-pueblos-en-fiestas-ca","18":"category-politica","19":"category-pueblos-en-fiestas","20":"category-seccion-ca","21":"category-seccion","22":"tag-benaguasil","23":"tag-benaguasil-ca","24":"tag-camp-de-turia","25":"tag-camp-de-turia-ca","26":"tag-fiestas","27":"tag-fiestas-ca"},"_links":{"self":[{"href":"https:\/\/www.tucomarca.com\/wordpress\/segunda\/ca\/wp-json\/wp\/v2\/posts\/166175","targetHints":{"allow":["GET"]}}],"collection":[{"href":"https:\/\/www.tucomarca.com\/wordpress\/segunda\/ca\/wp-json\/wp\/v2\/posts"}],"about":[{"href":"https:\/\/www.tucomarca.com\/wordpress\/segunda\/ca\/wp-json\/wp\/v2\/types\/post"}],"author":[{"embeddable":true,"href":"https:\/\/www.tucomarca.com\/wordpress\/segunda\/ca\/wp-json\/wp\/v2\/users\/13"}],"replies":[{"embeddable":true,"href":"https:\/\/www.tucomarca.com\/wordpress\/segunda\/ca\/wp-json\/wp\/v2\/comments?post=166175"}],"version-history":[{"count":0,"href":"https:\/\/www.tucomarca.com\/wordpress\/segunda\/ca\/wp-json\/wp\/v2\/posts\/166175\/revisions"}],"wp:featuredmedia":[{"embeddable":true,"href":"https:\/\/www.tucomarca.com\/wordpress\/segunda\/ca\/wp-json\/wp\/v2\/media\/166173"}],"wp:attachment":[{"href":"https:\/\/www.tucomarca.com\/wordpress\/segunda\/ca\/wp-json\/wp\/v2\/media?parent=166175"}],"wp:term":[{"taxonomy":"category","embeddable":true,"href":"https:\/\/www.tucomarca.com\/wordpress\/segunda\/ca\/wp-json\/wp\/v2\/categories?post=166175"},{"taxonomy":"post_tag","embeddable":true,"href":"https:\/\/www.tucomarca.com\/wordpress\/segunda\/ca\/wp-json\/wp\/v2\/tags?post=166175"}],"curies":[{"name":"wp","href":"https:\/\/api.w.org\/{rel}","templated":true}]}}