{"id":166200,"date":"2022-09-01T16:00:00","date_gmt":"2022-09-01T14:00:00","guid":{"rendered":"https:\/\/www.tucomarca.com\/wordpress\/segunda\/?p=166200"},"modified":"2022-09-13T20:36:18","modified_gmt":"2022-09-13T18:36:18","slug":"jose-manuel-diaz-fenoll-semporta-el-trofeu-gimenez-lujan-en-el-retorn-de-la-competicio-ciclista-turisana","status":"publish","type":"post","link":"https:\/\/www.tucomarca.com\/wordpress\/segunda\/ca\/jose-manuel-diaz-fenoll-semporta-el-trofeu-gimenez-lujan-en-el-retorn-de-la-competicio-ciclista-turisana\/","title":{"rendered":"Jos\u00e9 Manuel D\u00edaz Fenoll s&#8217;emporta el trofeu Gim\u00e9nez Luj\u00e1n en el retorn de la competici\u00f3 ciclista turisana"},"content":{"rendered":"\n<p>Jos\u00e9 Manuel D\u00edaz Fenoll, del Suministros Dama, ha sigut el guanyador del Trofeu Festes Populars \u2013 Premi Antonio Gim\u00e9nez Luj\u00e1n que esta setmana s\u2019ha celebrat en Tur\u00eds.<\/p>\n\n\n\n<p>Una vict\u00f2ria molt treballada i renyida que va tindre com a segon i tercer classificats a Oleg Chuzda, del Tribike Pto. Sagunto i Eduardo Ll\u00e1cer Gabarr\u00f3n, del Grupeta de La Safor.<\/p>\n\n\n\n<p>La serp multicolor ha tornat a rec\u00f3rrer els carrers de la localitat, despr\u00e9s d\u2019uns anys d\u2019abs\u00e8ncia, amb la finalitat de consolidar esta prova que enguany ha presentat r\u00e8cord d\u2019inscripcions.<\/p>\n\n\n\n<p>Un exigent recorregut semiurb\u00e0 consistent en 64 quil\u00f2metres pos\u00e0 a prova a ciclistes procedents de tota la comunitat entre els quals destac\u00e0 la participaci\u00f3 dels dos locals: Fernando Gimeno, del Juan Giner, sis\u00e9 en la general, campi\u00f3 m\u00e0ster-50 i campi\u00f3 auton\u00f2mic en esta categoria; i Yeray Gonz\u00e1lez, del Castillo de Onda.<\/p>\n\n\n\n<p>Per equips va guanyar el Gsport Alma Wagen mentre que el premi de muntanya fou per a un dels seus integrants, Francisco Torrella G\u00f3mez.<\/p>\n\n\n\n<p>L\u2019entrega de trofeus estigu\u00e9 a c\u00e0rrec de l\u2019alcalde i la regidora Esports, Eugenio Forta\u00f1a i M\u00aa Dolores Crespo, i compt\u00e0 amb la valuosa pres\u00e8ncia d\u2019Antonio Gim\u00e9nez Luj\u00e1n, tot un referent del ciclisme de carretera al nostre pa\u00eds.<\/p>\n\n\n\n<p><\/p>\n","protected":false},"excerpt":{"rendered":"<div class=\"mh-excerpt\">Jos\u00e9 Manuel D\u00edaz Fenoll, del Suministros Dama, ha sigut el guanyador del Trofeu Festes Populars \u2013 Premi Antonio Gim\u00e9nez Luj\u00e1n que esta setmana s\u2019ha celebrat en Tur\u00eds. Una vict\u00f2ria molt treballada i renyida que va <a class=\"mh-excerpt-more\" href=\"https:\/\/www.tucomarca.com\/wordpress\/segunda\/ca\/jose-manuel-diaz-fenoll-semporta-el-trofeu-gimenez-lujan-en-el-retorn-de-la-competicio-ciclista-turisana\/\" title=\"Jos\u00e9 Manuel D\u00edaz Fenoll s&#8217;emporta el trofeu Gim\u00e9nez Luj\u00e1n en el retorn de la competici\u00f3 ciclista turisana\">[+] <\/a><\/div>\n","protected":false},"author":12,"featured_media":166198,"comment_status":"open","ping_status":"open","sticky":false,"template":"","format":"standard","meta":{"footnotes":""},"categories":[11013,173,6,11003,8,10894,42,10902,5,383,10896,3,43,11047],"tags":[11356,17723,11093],"class_list":{"0":"post-166200","1":"post","2":"type-post","3":"status-publish","4":"format-standard","5":"has-post-thumbnail","7":"category-ciclismo-ca","8":"category-ciclismo","9":"category-deportes","10":"category-sports","11":"category-la-comarca","12":"category-la-comarca-ca","13":"category-la-ribera","14":"category-la-ribera-ca","15":"category-la-semana-en-imagenes","16":"category-pueblos-en-fiestas","17":"category-seccion-ca","18":"category-seccion","19":"category-turis","20":"category-turis-ca","21":"tag-ribera-alta-ca","22":"tag-trofeo-fiestas-populares-premio-antonio-gimenez-ca","23":"tag-turis-ca"},"_links":{"self":[{"href":"https:\/\/www.tucomarca.com\/wordpress\/segunda\/ca\/wp-json\/wp\/v2\/posts\/166200","targetHints":{"allow":["GET"]}}],"collection":[{"href":"https:\/\/www.tucomarca.com\/wordpress\/segunda\/ca\/wp-json\/wp\/v2\/posts"}],"about":[{"href":"https:\/\/www.tucomarca.com\/wordpress\/segunda\/ca\/wp-json\/wp\/v2\/types\/post"}],"author":[{"embeddable":true,"href":"https:\/\/www.tucomarca.com\/wordpress\/segunda\/ca\/wp-json\/wp\/v2\/users\/12"}],"replies":[{"embeddable":true,"href":"https:\/\/www.tucomarca.com\/wordpress\/segunda\/ca\/wp-json\/wp\/v2\/comments?post=166200"}],"version-history":[{"count":0,"href":"https:\/\/www.tucomarca.com\/wordpress\/segunda\/ca\/wp-json\/wp\/v2\/posts\/166200\/revisions"}],"wp:featuredmedia":[{"embeddable":true,"href":"https:\/\/www.tucomarca.com\/wordpress\/segunda\/ca\/wp-json\/wp\/v2\/media\/166198"}],"wp:attachment":[{"href":"https:\/\/www.tucomarca.com\/wordpress\/segunda\/ca\/wp-json\/wp\/v2\/media?parent=166200"}],"wp:term":[{"taxonomy":"category","embeddable":true,"href":"https:\/\/www.tucomarca.com\/wordpress\/segunda\/ca\/wp-json\/wp\/v2\/categories?post=166200"},{"taxonomy":"post_tag","embeddable":true,"href":"https:\/\/www.tucomarca.com\/wordpress\/segunda\/ca\/wp-json\/wp\/v2\/tags?post=166200"}],"curies":[{"name":"wp","href":"https:\/\/api.w.org\/{rel}","templated":true}]}}