{"id":166508,"date":"2022-09-02T09:00:00","date_gmt":"2022-09-02T07:00:00","guid":{"rendered":"https:\/\/www.tucomarca.com\/wordpress\/segunda\/?p=166508"},"modified":"2022-09-14T13:39:54","modified_gmt":"2022-09-14T11:39:54","slug":"la-festa-de-la-verema-homenatjara-lescola-de-viticultura-i-enologia-de-requena","status":"publish","type":"post","link":"https:\/\/www.tucomarca.com\/wordpress\/segunda\/ca\/la-festa-de-la-verema-homenatjara-lescola-de-viticultura-i-enologia-de-requena\/","title":{"rendered":"La Festa de la Verema homenatjar\u00e0 l&#8217;Escola de Viticultura i Enologia de Requena"},"content":{"rendered":"\n<p>La LXXIII edici\u00f3 de la Festa de la Verema de Requena, homenatjar\u00e0 dem\u00e0 dissabte, 3 de setembre, a les 21 hores, en la pla\u00e7a del Coronel Ruiz de Barn\u00fas, en ple barri hist\u00f2ric de La Vila, a l&#8217;Escola de Viticultura i Enologia de Requena. Aquest centre va ser creat per la Diputaci\u00f3 Provincial de Val\u00e8ncia en 1960, recollint la tradici\u00f3 d&#8217;ensenyaments vitivin\u00edcoles que des de 1920 es realitzaven en aquesta ciutat, sent el seu Director-Fundador Pascual Carri\u00f3n Carri\u00f3n. Va comen\u00e7ar a impartir ensenyaments el curs 1961-1962 segons concert subscrit entre la Diputaci\u00f3 amb la llavors Direcci\u00f3 General de Coordinaci\u00f3, Cr\u00e8dit i Capacitaci\u00f3 agr\u00e0ria del Ministeri d&#8217;Agricultura.<\/p>\n\n\n\n<p>A partir de 1975, i d&#8217;acord amb els programes oficials del Ministeri d&#8217;Educaci\u00f3 i Ci\u00e8ncia, s&#8217;han impartit els ensenyaments de Formaci\u00f3 Professional de Segon Grau, Rama Agraria, especialitat Viticultura i Enotecnia, i sempre sota l&#8217;empara de la Diputaci\u00f3, els cicles formatius van evolucionar al llarg dels anys adaptant-se als diferents canvis curriculars promulgats pel Ministeri d&#8217;Educaci\u00f3 de torn.<\/p>\n\n\n\n<p>Ja l&#8217;any 1994 es va ampliar la formaci\u00f3, incloent-se un Programa de Garantia Social (PGS) de car\u00e0cter forestal, que va obrir la porta a la implantaci\u00f3 dels Cicles Mitj\u00e0 i Superior Forestal.<\/p>\n\n\n\n<p>Tota aquesta evoluci\u00f3 ha donat lloc als quatre cicles que s&#8217;imparteixen hui dia, Mitj\u00e0 i Superior de totes dues especialitats, sent els mateixos:<\/p>\n\n\n\n<p>Cicles de Vins:<\/p>\n\n\n\n<p>\u2013 T\u00e8cnic Mitj\u00e0 en Olis d&#8217;Oliva i Vins<\/p>\n\n\n\n<p>\u2013 T\u00e8cnic Superior en Vitivinicultura<\/p>\n\n\n\n<p>Cicles Forestals:<\/p>\n\n\n\n<p>\u2013 T\u00e8cnic Mitj\u00e0 en Aprofitament i Conservaci\u00f3 del Medi natural<\/p>\n\n\n\n<p>\u2013 T\u00e8cnic Superior en Gesti\u00f3 Forestal i del Medi natural<\/p>\n\n\n\n<p>Informa, <strong>Luis Ib\u00e1\u00f1ez<\/strong>.<\/p>\n","protected":false},"excerpt":{"rendered":"<div class=\"mh-excerpt\">La LXXIII edici\u00f3 de la Festa de la Verema de Requena, homenatjar\u00e0 dem\u00e0 dissabte, 3 de setembre, a les 21 hores, en la pla\u00e7a del Coronel Ruiz de Barn\u00fas, en ple barri hist\u00f2ric de La <a class=\"mh-excerpt-more\" href=\"https:\/\/www.tucomarca.com\/wordpress\/segunda\/ca\/la-festa-de-la-verema-homenatjara-lescola-de-viticultura-i-enologia-de-requena\/\" title=\"La Festa de la Verema homenatjar\u00e0 l&#8217;Escola de Viticultura i Enologia de Requena\">[+] <\/a><\/div>\n","protected":false},"author":13,"featured_media":166506,"comment_status":"open","ping_status":"open","sticky":false,"template":"","format":"standard","meta":{"footnotes":""},"categories":[11019,169,10905,10542,12428,10948,8,10894,5,383,28,10908,27,10909,10896,3],"tags":[3071,17736,1593,17682,10388,10387,10910],"class_list":{"0":"post-166508","1":"post","2":"type-post","3":"status-publish","4":"format-standard","5":"has-post-thumbnail","7":"category-agenda-ca","8":"category-agricultura-la-comarca","9":"category-agricultura-la-comarca-ca","10":"category-educacion","11":"category-educacion-ca","12":"category-infraestructuras-ca","13":"category-la-comarca","14":"category-la-comarca-ca","15":"category-la-semana-en-imagenes","16":"category-pueblos-en-fiestas","17":"category-requena","18":"category-requena-ca","19":"category-requena-utiel","20":"category-requena-utiel-ca","21":"category-seccion-ca","22":"category-seccion","23":"tag-escuela-viticultura","24":"tag-escuela-viticultura-ca","25":"tag-fiestas-vendimia","26":"tag-fiestas-vendimia-ca","27":"tag-requena","28":"tag-requena-utiel","29":"tag-requena-utiel-ca"},"_links":{"self":[{"href":"https:\/\/www.tucomarca.com\/wordpress\/segunda\/ca\/wp-json\/wp\/v2\/posts\/166508","targetHints":{"allow":["GET"]}}],"collection":[{"href":"https:\/\/www.tucomarca.com\/wordpress\/segunda\/ca\/wp-json\/wp\/v2\/posts"}],"about":[{"href":"https:\/\/www.tucomarca.com\/wordpress\/segunda\/ca\/wp-json\/wp\/v2\/types\/post"}],"author":[{"embeddable":true,"href":"https:\/\/www.tucomarca.com\/wordpress\/segunda\/ca\/wp-json\/wp\/v2\/users\/13"}],"replies":[{"embeddable":true,"href":"https:\/\/www.tucomarca.com\/wordpress\/segunda\/ca\/wp-json\/wp\/v2\/comments?post=166508"}],"version-history":[{"count":0,"href":"https:\/\/www.tucomarca.com\/wordpress\/segunda\/ca\/wp-json\/wp\/v2\/posts\/166508\/revisions"}],"wp:featuredmedia":[{"embeddable":true,"href":"https:\/\/www.tucomarca.com\/wordpress\/segunda\/ca\/wp-json\/wp\/v2\/media\/166506"}],"wp:attachment":[{"href":"https:\/\/www.tucomarca.com\/wordpress\/segunda\/ca\/wp-json\/wp\/v2\/media?parent=166508"}],"wp:term":[{"taxonomy":"category","embeddable":true,"href":"https:\/\/www.tucomarca.com\/wordpress\/segunda\/ca\/wp-json\/wp\/v2\/categories?post=166508"},{"taxonomy":"post_tag","embeddable":true,"href":"https:\/\/www.tucomarca.com\/wordpress\/segunda\/ca\/wp-json\/wp\/v2\/tags?post=166508"}],"curies":[{"name":"wp","href":"https:\/\/api.w.org\/{rel}","templated":true}]}}