{"id":167028,"date":"2022-09-05T08:00:00","date_gmt":"2022-09-05T06:00:00","guid":{"rendered":"https:\/\/www.tucomarca.com\/wordpress\/segunda\/?p=167028"},"modified":"2022-09-14T11:37:08","modified_gmt":"2022-09-14T09:37:08","slug":"opinio-a-bocado-cano-per-joseh-larrazabal","status":"publish","type":"post","link":"https:\/\/www.tucomarca.com\/wordpress\/segunda\/ca\/opinio-a-bocado-cano-per-joseh-larrazabal\/","title":{"rendered":"Opini\u00f3: &#8220;A bocado can\u00f3&#8221;, per J\u00f3seh Larraz\u00e1bal"},"content":{"rendered":"\n<figure class=\"wp-block-image size-large is-resized\"><img loading=\"lazy\" decoding=\"async\" src=\"http:\/\/www.tucomarca.com\/wordpress\/segunda\/wp-content\/uploads\/2021\/07\/JoseLarrazabal-1024x1024.jpg\" alt=\"\" class=\"wp-image-136627\" width=\"176\" height=\"176\" srcset=\"https:\/\/www.tucomarca.com\/wordpress\/segunda\/wp-content\/uploads\/2021\/07\/JoseLarrazabal-1024x1024.jpg 1024w, https:\/\/www.tucomarca.com\/wordpress\/segunda\/wp-content\/uploads\/2021\/07\/JoseLarrazabal-300x300.jpg 300w, https:\/\/www.tucomarca.com\/wordpress\/segunda\/wp-content\/uploads\/2021\/07\/JoseLarrazabal-290x290.jpg 290w, https:\/\/www.tucomarca.com\/wordpress\/segunda\/wp-content\/uploads\/2021\/07\/JoseLarrazabal-768x768.jpg 768w, https:\/\/www.tucomarca.com\/wordpress\/segunda\/wp-content\/uploads\/2021\/07\/JoseLarrazabal.jpg 1086w\" sizes=\"auto, (max-width: 176px) 100vw, 176px\" \/><\/figure>\n\n\n\n<p>Vull transmetre a tots els aficionats del vcf que encara s&#8217;il\u00b7lusionen amb aquest vcLim els meus millors desitjos, i que es complisquen els seus potencials espectativas.<br>Jo per part meua vull expressar que la meua decepci\u00f3 amb el vcf i el seu entorn, \u00e9s tan fort com la lluita que he mantingut aquests \u00faltims anys pel creixement del Val\u00e8ncia i l&#8217;eixida de Meriton del nostre club. Aix\u00f2 m&#8217;ha generat un desgast del qual he de recuperar-me, espere.<br>Ara mateix puc dir que soc un Valencianista en &#8220;estand by&#8221; i ho continuar\u00e9 sent mentre Peter Lim governe nostre vcf.<br>A les noves generacions vull convidar-los al fet que repassen amb avidesa la hist\u00f2ria del club. Que siguen conscients dels jugadors hist\u00f2rics que han passat per ac\u00ed i que els comparen amb la gesti\u00f3 de Peter Lim.<br>Anar a MESTALLA fa, al meu entendre, molt de mal al vcf i refor\u00e7a de manera insolent la figura de Lim ja que cada punt que trau l&#8217;equip \u00e9s un punt que va al caseller del propietari.Un propietari que nom\u00e9s s&#8217;anir\u00e0 quan el negoci li vaig deixar de ser rendible.<br>Si a alg\u00fa li serveix jo fa 2 anys que he deixat de ser soci del vcf i no em compre ni una gorra a les botigues del vcf.<br>Assetjar per fam a Meriton \u00e9s l&#8217;\u00fanica forma que enarbore la bandera de la rendici\u00f3.<br>&#8220;Peter go home&#8221; i despr\u00e9s 35.000 al camp. \u00c9s un &#8220;contrasentit&#8221; que no puc ni entendre ni acceptar.<br>Dit aix\u00f2, que cadascun actue com millor li semble.<br>Aquest \u00e9s un pais lliure on cadascun pot expressar-se de manera oberta.<br>Jo ac\u00ed deixe el meu parer per si a alg\u00fa li pot interessar.<br>El mal \u00e9s que cap amor \u00e9s etern, malgrat la creen\u00e7a popular, i a la meua encara quan, tant de bo que siga prompte, marxe Lim del Val\u00e8ncia, em costar\u00e0 molt recuperar confian\u00e7a, il\u00b7lusi\u00f3, i afecci\u00f3 per aquest club i el seu entorn.<br>Si per a alguna cosa ha servit la gesti\u00f3 de Lim ha sigut per a desemmascarar, i traure a flotaci\u00f3 tota la porqueria que envolta al Val\u00e8ncia. Han caigut moltes caretes tant a nivell medi\u00e0tic com en altres sectors i sobretot, crec que ha sigut la meua major decepci\u00f3, una gran part de l&#8217;Afici\u00f3 que no ha sigut prou forta per a acabar amb aquest imperi del mal que governa el nostre Val\u00e8ncia.<br>No han hagut gales per a demostrar al tir\u00e0 qui mana ac\u00ed, i aqueixa gran part d&#8217;aficionats s&#8217;il\u00b7lusiona amb un equip de jugadors cedits i cost zero que es renova cada any perdent el nord i l&#8217;oportunitat de formar un equip ambici\u00f3s que madure i progresse cada any.El que succeeix \u00e9s que cada temporada es comen\u00e7a de zero i aix\u00ed \u00e9s impossible que els resultats arriben, que el bloc cresca i madure.<br>El Val\u00e8ncia ha de lluitar cada any per tots els t\u00edtols de totes les competicions en les quals participe. No concebo un altre Val\u00e8ncia.<br>El conformisme i la falta d&#8217;ambici\u00f3 d&#8217;una part de l&#8217;Afici\u00f3 valenciana ha d&#8217;acabar d&#8217;una vegada i per sempre.<br>Jo continuar\u00e9 lluitant des de la meua tribuna per un gran Val\u00e8ncia sense Peter Lim.<br>Per\u00f2 ho far\u00e9 per vergonya, honor i orgull, no per passi\u00f3.<br>Aqueixa passi\u00f3 que est\u00e0 en estat d&#8217;hibernaci\u00f3.<br>Veurem qu\u00e8 ocorre si \u00e9s que algun dia desperta.<br>Jo, per tot el que s&#8217;ha dit, tinc series dubtes.<br>Espere continuar rebent les vostres opinions en xarxes i altres canals, que ning\u00fa es continga; les meues respostes, quan n&#8217;hi haja, seran tranquil\u00b7les, assenyades, serenes i sempre respectuoses.<br>Una forta abra\u00e7ada per a tots, i molta for\u00e7a per als quals encara creeu en un futur millor per al nostre club, i sobretot per als que continueu lluitant per ell.<br>Jo, hui dia, tinc dubtes, molts dubtes i molt serioses.<br>AMUNT VCF!<\/p>\n","protected":false},"excerpt":{"rendered":"<div class=\"mh-excerpt\">Vull transmetre a tots els aficionats del vcf que encara s&#8217;il\u00b7lusionen amb aquest vcLim els meus millors desitjos, i que es complisquen els seus potencials espectativas.Jo per part meua vull expressar que la meua decepci\u00f3 <a class=\"mh-excerpt-more\" href=\"https:\/\/www.tucomarca.com\/wordpress\/segunda\/ca\/opinio-a-bocado-cano-per-joseh-larrazabal\/\" title=\"Opini\u00f3: &#8220;A bocado can\u00f3&#8221;, per J\u00f3seh Larraz\u00e1bal\">[+] <\/a><\/div>\n","protected":false},"author":12,"featured_media":136628,"comment_status":"open","ping_status":"open","sticky":false,"template":"","format":"standard","meta":{"footnotes":""},"categories":[18,10911,3358,11014,6,11003,8,10894,10912,10,11020,11021,30,90,10896,3],"tags":[15971,15972,10385,15480,15481,5952,10914],"class_list":{"0":"post-167028","1":"post","2":"type-post","3":"status-publish","4":"format-standard","5":"has-post-thumbnail","7":"category-bunol","8":"category-bunol-ca","9":"category-canal-valencia-cf","10":"category-canal-valencia-cf-ca","11":"category-deportes","12":"category-sports","13":"category-la-comarca","14":"category-la-comarca-ca","15":"category-la-hoya-ca","16":"category-la-hoya","17":"category-opinion-ca","18":"category-opinion-ca-2","19":"category-opinion","20":"category-opinion-opinion","21":"category-seccion-ca","22":"category-seccion","23":"tag-a-bocajarro","24":"tag-a-bocajarro-ca","25":"tag-bunol","26":"tag-joseh-larrazabal","27":"tag-joseh-larrazabal-ca","28":"tag-la-hoya-de-bunol-chiva","29":"tag-la-hoya-de-bunol-chiva-ca"},"_links":{"self":[{"href":"https:\/\/www.tucomarca.com\/wordpress\/segunda\/ca\/wp-json\/wp\/v2\/posts\/167028","targetHints":{"allow":["GET"]}}],"collection":[{"href":"https:\/\/www.tucomarca.com\/wordpress\/segunda\/ca\/wp-json\/wp\/v2\/posts"}],"about":[{"href":"https:\/\/www.tucomarca.com\/wordpress\/segunda\/ca\/wp-json\/wp\/v2\/types\/post"}],"author":[{"embeddable":true,"href":"https:\/\/www.tucomarca.com\/wordpress\/segunda\/ca\/wp-json\/wp\/v2\/users\/12"}],"replies":[{"embeddable":true,"href":"https:\/\/www.tucomarca.com\/wordpress\/segunda\/ca\/wp-json\/wp\/v2\/comments?post=167028"}],"version-history":[{"count":0,"href":"https:\/\/www.tucomarca.com\/wordpress\/segunda\/ca\/wp-json\/wp\/v2\/posts\/167028\/revisions"}],"wp:featuredmedia":[{"embeddable":true,"href":"https:\/\/www.tucomarca.com\/wordpress\/segunda\/ca\/wp-json\/wp\/v2\/media\/136628"}],"wp:attachment":[{"href":"https:\/\/www.tucomarca.com\/wordpress\/segunda\/ca\/wp-json\/wp\/v2\/media?parent=167028"}],"wp:term":[{"taxonomy":"category","embeddable":true,"href":"https:\/\/www.tucomarca.com\/wordpress\/segunda\/ca\/wp-json\/wp\/v2\/categories?post=167028"},{"taxonomy":"post_tag","embeddable":true,"href":"https:\/\/www.tucomarca.com\/wordpress\/segunda\/ca\/wp-json\/wp\/v2\/tags?post=167028"}],"curies":[{"name":"wp","href":"https:\/\/api.w.org\/{rel}","templated":true}]}}