{"id":167790,"date":"2022-09-15T12:00:00","date_gmt":"2022-09-15T10:00:00","guid":{"rendered":"https:\/\/www.tucomarca.com\/wordpress\/segunda\/?p=167790"},"modified":"2022-09-15T19:54:57","modified_gmt":"2022-09-15T17:54:57","slug":"daptt-22-posa-en-marxa-el-curs-terra-boval-wine-tourism","status":"publish","type":"post","link":"https:\/\/www.tucomarca.com\/wordpress\/segunda\/ca\/daptt-22-posa-en-marxa-el-curs-terra-boval-wine-tourism\/","title":{"rendered":"DAPT@+T 22 posa en marxa el \u201cCurs Terra Boval Wine Tourism\u201d"},"content":{"rendered":"\n<h4 class=\"wp-block-heading\">La proposta formativa ha sigut elaborada per l&#8217;equip de ADAPT@+T 22 i dissenyada per a donar resposta a la necessitat de comptar amb un nivell d&#8217;angl\u00e9s especialitzat en enoturismo. Els continguts del curs aporten una aproximaci\u00f3 a la cultura, paisatge i patrimoni del vi de Terra Boval.<br><\/h4>\n\n\n\n<p>El \u201cCurs Terra Boval Wine Tourism\u201d naix per a donar resposta a la necessitat plantejada per ocupadors i demandants d&#8217;\u00fas del sector tur\u00edstic, despr\u00e9s de l&#8217;\u00e8xit obtingut en les dues edicions anteriors del Curs de Guies Acompanyants de Terra Boval, desenvolupats des del projecte experimental d&#8217;Ocupaci\u00f3 ADAPT@+T. Aquestes formacions han tingut com a objectiu el desenvolupament tur\u00edstic i les capacitats del territori i ara es completen amb una formaci\u00f3 espec\u00edfica amb continguts en angl\u00e9s sobre un dels sectors m\u00e9s din\u00e0mics de la zona: el enoturismo.<br>El enoturismo \u00e9s un dels pilars fonamentals del turisme de Terra Boval i exigeix m\u00e9s professionals especialitzats. Una de les formacions m\u00e9s demandades per empreses i professionals s\u00f3n els idiomes i espec\u00edficament l&#8217;angl\u00e9s aplicat al enoturismo. De tots \u00e9s sabut que qualsevol professi\u00f3 requereix d&#8217;un idioma especialitzat i l&#8217;objectiu d&#8217;aquest curs \u00e9s donar resposta a aquesta necessitat de comptar amb un angl\u00e9s especialitzat, especialment en el enoturismo de Terra Boval.<br>Els coneixements que obtindran les persones assistents al curs seran:\u00a0<br>Aproximaci\u00f3 a la nostra cultura, paisatge i patrimoni del vi utilitzant l&#8217;angl\u00e9s com a via de comunicaci\u00f3.\u00a0<br>Aplicaci\u00f3 de la terminologia especialitzada en cadascuna de les fases de l&#8217;elaboraci\u00f3 dels diferents tipus de vi de Terra Boval i de la DOP Utiel-Requena.\u00a0<br>Comprensi\u00f3 i expressi\u00f3 de continguts relacionats amb el vi en angl\u00e9s.\u00a0<br>Promoci\u00f3 del paisatge i del m\u00f3n del vi, boval fonamentalment, des del punt de vista tur\u00edstic.<br>El \u201cCurs Terra Boval Wine Tourism\u201d est\u00e0 dirigit a persones demandants d&#8217;\u00fas del sector tur\u00edstic i enotur\u00edstico de la comarca, inscrites en LABORA o treballant en els departaments de enoturismo dels cellers de Terra Boval, amb coneixements previs d&#8217;angl\u00e9s (nivell B1 MECR). El curs tindr\u00e0 una duraci\u00f3 de 24 hores lectives i es desenvolupar\u00e0 de manera presencial durant la segona quinzena d&#8217;octubre.\u00a0<br>Les inscripcions podran formalitzar-se entre els dies 19 i 23 de setembre, mitjan\u00e7ant inst\u00e0ncia general des de la seu electr\u00f2nica de la MITV.<br>ADAPT@+T 22 \u00e9s un projecte experimental d&#8217;ocupaci\u00f3 emmarcada en els programes\u00a0AVALEM TERRITORI\u00a0i\u00a0EMPACE\u00a0del Servei Valenci\u00e0 d&#8217;Ocupaci\u00f3 i Formaci\u00f3 (LABORA), que persegueix els objectius fixats pel Pacte\u00a0 Territorial per l&#8217;Ocupaci\u00f3 i el Desenvolupament Local, signant per la\u00a0Mancomunitat de l&#8217;Interior Terra del Vi\u00a0al costat dels nou municipis de la comarca:\u00a0Camporrobles, Caudete de las Fuentes, Xera, Fuenterrobles, Requena, Sinarques, Utiel, Venta del Moro\u00a0i\u00a0Villargordo del Cabriel.<\/p>\n","protected":false},"excerpt":{"rendered":"<div class=\"mh-excerpt\">La proposta formativa ha sigut elaborada per l&#8217;equip de ADAPT@+T 22 i dissenyada per a donar resposta a la necessitat de comptar amb un nivell d&#8217;angl\u00e9s especialitzat en enoturismo. Els continguts del curs aporten una <a class=\"mh-excerpt-more\" href=\"https:\/\/www.tucomarca.com\/wordpress\/segunda\/ca\/daptt-22-posa-en-marxa-el-curs-terra-boval-wine-tourism\/\" title=\"DAPT@+T 22 posa en marxa el \u201cCurs Terra Boval Wine Tourism\u201d\">[+] <\/a><\/div>\n","protected":false},"author":12,"featured_media":167789,"comment_status":"open","ping_status":"open","sticky":false,"template":"","format":"standard","meta":{"footnotes":""},"categories":[10905,11031,11032,11054,11055,10948,10894,10947,10908,10909,10896,11058,11059,11060,11061],"tags":[17787,11905,12388,11459],"class_list":{"0":"post-167790","1":"post","2":"type-post","3":"status-publish","4":"format-standard","5":"has-post-thumbnail","7":"category-agricultura-la-comarca-ca","8":"category-camporrobles-ca","9":"category-caudete-ca","10":"category-chera-ca","11":"category-fuenterrobles-ca","12":"category-infraestructuras-ca","13":"category-la-comarca-ca","14":"category-politica","15":"category-requena-ca","16":"category-requena-utiel-ca","17":"category-seccion-ca","18":"category-sinarcas-ca","19":"category-utiel-ca","20":"category-venta-del-moro-ca","21":"category-villargordo-del-cabriel-ca","22":"tag-adaptt22-ca","23":"tag-mancomunidad-tierra-del-vino-ca","24":"tag-tierra-bobal-ca","25":"tag-utiel-requena-ca"},"_links":{"self":[{"href":"https:\/\/www.tucomarca.com\/wordpress\/segunda\/ca\/wp-json\/wp\/v2\/posts\/167790","targetHints":{"allow":["GET"]}}],"collection":[{"href":"https:\/\/www.tucomarca.com\/wordpress\/segunda\/ca\/wp-json\/wp\/v2\/posts"}],"about":[{"href":"https:\/\/www.tucomarca.com\/wordpress\/segunda\/ca\/wp-json\/wp\/v2\/types\/post"}],"author":[{"embeddable":true,"href":"https:\/\/www.tucomarca.com\/wordpress\/segunda\/ca\/wp-json\/wp\/v2\/users\/12"}],"replies":[{"embeddable":true,"href":"https:\/\/www.tucomarca.com\/wordpress\/segunda\/ca\/wp-json\/wp\/v2\/comments?post=167790"}],"version-history":[{"count":0,"href":"https:\/\/www.tucomarca.com\/wordpress\/segunda\/ca\/wp-json\/wp\/v2\/posts\/167790\/revisions"}],"wp:featuredmedia":[{"embeddable":true,"href":"https:\/\/www.tucomarca.com\/wordpress\/segunda\/ca\/wp-json\/wp\/v2\/media\/167789"}],"wp:attachment":[{"href":"https:\/\/www.tucomarca.com\/wordpress\/segunda\/ca\/wp-json\/wp\/v2\/media?parent=167790"}],"wp:term":[{"taxonomy":"category","embeddable":true,"href":"https:\/\/www.tucomarca.com\/wordpress\/segunda\/ca\/wp-json\/wp\/v2\/categories?post=167790"},{"taxonomy":"post_tag","embeddable":true,"href":"https:\/\/www.tucomarca.com\/wordpress\/segunda\/ca\/wp-json\/wp\/v2\/tags?post=167790"}],"curies":[{"name":"wp","href":"https:\/\/api.w.org\/{rel}","templated":true}]}}