{"id":168089,"date":"2022-09-20T11:00:00","date_gmt":"2022-09-20T09:00:00","guid":{"rendered":"https:\/\/www.tucomarca.com\/wordpress\/segunda\/?p=168089"},"modified":"2022-09-20T22:00:11","modified_gmt":"2022-09-20T20:00:11","slug":"la-pujada-a-la-montieleta-de-benaguasil-reuneix-mes-de-450-corredors-en-la-seua-xv-edicio","status":"publish","type":"post","link":"https:\/\/www.tucomarca.com\/wordpress\/segunda\/ca\/la-pujada-a-la-montieleta-de-benaguasil-reuneix-mes-de-450-corredors-en-la-seua-xv-edicio\/","title":{"rendered":"La Pujada a la Montieleta de Benaguasil reuneix m\u00e9s de 450 corredors en la seua XV edici\u00f3"},"content":{"rendered":"\n<h4 class=\"wp-block-heading\">Organitzada pel ACPL I l&#8217;Ajuntament, la prova \u00e9s ja una cita imprescindible per a molts amants de l&#8217;atletisme<\/h4>\n\n\n\n<figure class=\"wp-block-gallery has-nested-images columns-2 is-cropped wp-block-gallery-1 is-layout-flex wp-block-gallery-is-layout-flex\">\n<figure class=\"wp-block-image size-large\"><img loading=\"lazy\" decoding=\"async\" width=\"1181\" height=\"684\" data-id=\"168080\" src=\"http:\/\/www.tucomarca.com\/wordpress\/segunda\/wp-content\/uploads\/2022\/09\/BenaguasilCarrera02.jpg\" alt=\"\" class=\"wp-image-168080\" srcset=\"https:\/\/www.tucomarca.com\/wordpress\/segunda\/wp-content\/uploads\/2022\/09\/BenaguasilCarrera02.jpg 1181w, https:\/\/www.tucomarca.com\/wordpress\/segunda\/wp-content\/uploads\/2022\/09\/BenaguasilCarrera02-300x174.jpg 300w, https:\/\/www.tucomarca.com\/wordpress\/segunda\/wp-content\/uploads\/2022\/09\/BenaguasilCarrera02-1024x593.jpg 1024w, https:\/\/www.tucomarca.com\/wordpress\/segunda\/wp-content\/uploads\/2022\/09\/BenaguasilCarrera02-768x445.jpg 768w\" sizes=\"auto, (max-width: 1181px) 100vw, 1181px\" \/><\/figure>\n\n\n\n<figure class=\"wp-block-image size-large\"><img loading=\"lazy\" decoding=\"async\" width=\"1181\" height=\"707\" data-id=\"168082\" src=\"http:\/\/www.tucomarca.com\/wordpress\/segunda\/wp-content\/uploads\/2022\/09\/BenaguasilCarrera03.jpg\" alt=\"\" class=\"wp-image-168082\" srcset=\"https:\/\/www.tucomarca.com\/wordpress\/segunda\/wp-content\/uploads\/2022\/09\/BenaguasilCarrera03.jpg 1181w, https:\/\/www.tucomarca.com\/wordpress\/segunda\/wp-content\/uploads\/2022\/09\/BenaguasilCarrera03-300x180.jpg 300w, https:\/\/www.tucomarca.com\/wordpress\/segunda\/wp-content\/uploads\/2022\/09\/BenaguasilCarrera03-1024x613.jpg 1024w, https:\/\/www.tucomarca.com\/wordpress\/segunda\/wp-content\/uploads\/2022\/09\/BenaguasilCarrera03-768x460.jpg 768w\" sizes=\"auto, (max-width: 1181px) 100vw, 1181px\" \/><\/figure>\n\n\n\n<figure class=\"wp-block-image size-large\"><img loading=\"lazy\" decoding=\"async\" width=\"1181\" height=\"699\" data-id=\"168078\" src=\"http:\/\/www.tucomarca.com\/wordpress\/segunda\/wp-content\/uploads\/2022\/09\/BenaguasilCarrera01.jpg\" alt=\"\" class=\"wp-image-168078\" srcset=\"https:\/\/www.tucomarca.com\/wordpress\/segunda\/wp-content\/uploads\/2022\/09\/BenaguasilCarrera01.jpg 1181w, https:\/\/www.tucomarca.com\/wordpress\/segunda\/wp-content\/uploads\/2022\/09\/BenaguasilCarrera01-300x178.jpg 300w, https:\/\/www.tucomarca.com\/wordpress\/segunda\/wp-content\/uploads\/2022\/09\/BenaguasilCarrera01-1024x606.jpg 1024w, https:\/\/www.tucomarca.com\/wordpress\/segunda\/wp-content\/uploads\/2022\/09\/BenaguasilCarrera01-768x455.jpg 768w\" sizes=\"auto, (max-width: 1181px) 100vw, 1181px\" \/><\/figure>\n<\/figure>\n\n\n\n<p>Dissabte passat Benaguasil acollia una de les carreres que gaudeix cada any d&#8217;un major nivell de participaci\u00f3, la Pujada a la Montieleta. Una trobada organitzada pel club ACPL amb el patrocini de l&#8217;Ajuntament i dels col\u00b7laboradors locals, que enguany ha celebrat la seua XV edici\u00f3 i que va acollir a m\u00e9s de 450 corredors en un ambient d&#8217;esportivitat extraordinari.<\/p>\n\n\n\n<p>Amb eixida i meta situades en l&#8217;Avinguda de Montiel, corredors de totes les categories van rec\u00f3rrer els 10 quil\u00f2metres de la prova que recorre els carrers de la localitat, i que t\u00e9 el punt fort en la pujada al Santuari de la Verge de Montiel.&nbsp;<\/p>\n\n\n\n<p>El primer corredor a travessar la l\u00ednia de meta va ser Hassane Ahouchar, amb un temps de 00.33:16 mentre que en la categoria femenina va ser Laura Domene qui es va aconseguir la primera posici\u00f3 amb un temps de 00.38:14. Respecte als corredors locals, Javi Dom\u00ednguez i Cristina Villarroya van ser els primers a arribar a la meta.<\/p>\n\n\n\n<p>Com \u00e9s habitual en aquest esdeveniment, es va registrar en tot moment un gran ambient, tant per l&#8217;alta participaci\u00f3 d&#8217;atletes, com per la pres\u00e8ncia de nombrosos ve\u00efns i aficionats, que van voler gaudir de la carrera en directe, i animar tamb\u00e9 als participants en aquesta, aconseguint un any m\u00e9s que la prova haja transcorregut de manera mod\u00e8lica.<\/p>\n\n\n\n<p>Finalitzada la prova, en la mateixa Avinguda es va procedir al lliurament de trofeus per part de les autoritats locals als tres primers classificats de cada categoria.<\/p>\n","protected":false},"excerpt":{"rendered":"<div class=\"mh-excerpt\">Organitzada pel ACPL I l&#8217;Ajuntament, la prova \u00e9s ja una cita imprescindible per a molts amants de l&#8217;atletisme Dissabte passat Benaguasil acollia una de les carreres que gaudeix cada any d&#8217;un major nivell de participaci\u00f3, <a class=\"mh-excerpt-more\" href=\"https:\/\/www.tucomarca.com\/wordpress\/segunda\/ca\/la-pujada-a-la-montieleta-de-benaguasil-reuneix-mes-de-450-corredors-en-la-seua-xv-edicio\/\" title=\"La Pujada a la Montieleta de Benaguasil reuneix m\u00e9s de 450 corredors en la seua XV edici\u00f3\">[+] <\/a><\/div>\n","protected":false},"author":12,"featured_media":168085,"comment_status":"open","ping_status":"open","sticky":false,"template":"","format":"gallery","meta":{"footnotes":""},"categories":[11018,10952,10892,11003,10894,10896],"tags":[11136,10899,17843],"class_list":{"0":"post-168089","1":"post","2":"type-post","3":"status-publish","4":"format-gallery","5":"has-post-thumbnail","7":"category-atletisme","8":"category-benaguasil-ca","9":"category-camp-de-turia-ca","10":"category-sports","11":"category-la-comarca-ca","12":"category-seccion-ca","13":"tag-benaguasil-ca","14":"tag-camp-de-turia-ca","15":"tag-pujada-a-la-montieleta-ca","16":"post_format-post-format-gallery"},"_links":{"self":[{"href":"https:\/\/www.tucomarca.com\/wordpress\/segunda\/ca\/wp-json\/wp\/v2\/posts\/168089","targetHints":{"allow":["GET"]}}],"collection":[{"href":"https:\/\/www.tucomarca.com\/wordpress\/segunda\/ca\/wp-json\/wp\/v2\/posts"}],"about":[{"href":"https:\/\/www.tucomarca.com\/wordpress\/segunda\/ca\/wp-json\/wp\/v2\/types\/post"}],"author":[{"embeddable":true,"href":"https:\/\/www.tucomarca.com\/wordpress\/segunda\/ca\/wp-json\/wp\/v2\/users\/12"}],"replies":[{"embeddable":true,"href":"https:\/\/www.tucomarca.com\/wordpress\/segunda\/ca\/wp-json\/wp\/v2\/comments?post=168089"}],"version-history":[{"count":0,"href":"https:\/\/www.tucomarca.com\/wordpress\/segunda\/ca\/wp-json\/wp\/v2\/posts\/168089\/revisions"}],"wp:featuredmedia":[{"embeddable":true,"href":"https:\/\/www.tucomarca.com\/wordpress\/segunda\/ca\/wp-json\/wp\/v2\/media\/168085"}],"wp:attachment":[{"href":"https:\/\/www.tucomarca.com\/wordpress\/segunda\/ca\/wp-json\/wp\/v2\/media?parent=168089"}],"wp:term":[{"taxonomy":"category","embeddable":true,"href":"https:\/\/www.tucomarca.com\/wordpress\/segunda\/ca\/wp-json\/wp\/v2\/categories?post=168089"},{"taxonomy":"post_tag","embeddable":true,"href":"https:\/\/www.tucomarca.com\/wordpress\/segunda\/ca\/wp-json\/wp\/v2\/tags?post=168089"}],"curies":[{"name":"wp","href":"https:\/\/api.w.org\/{rel}","templated":true}]}}