{"id":168161,"date":"2022-09-20T11:03:00","date_gmt":"2022-09-20T09:03:00","guid":{"rendered":"https:\/\/www.tucomarca.com\/wordpress\/segunda\/?p=168161"},"modified":"2022-09-20T22:06:53","modified_gmt":"2022-09-20T20:06:53","slug":"pangea-utiel-organitza-una-xarrada-informativa-sobre-la-reforma-del-reglament-destrangeria","status":"publish","type":"post","link":"https:\/\/www.tucomarca.com\/wordpress\/segunda\/ca\/pangea-utiel-organitza-una-xarrada-informativa-sobre-la-reforma-del-reglament-destrangeria\/","title":{"rendered":"PANGEA Utiel organitza una xarrada informativa sobre la reforma del reglament d&#8217;estrangeria"},"content":{"rendered":"\n<h4 class=\"wp-block-heading\">Dimarts que ve 27 de setembre a les 11.00 hores en la sala d&#8217;actes de la Casa de Cultura d&#8217;Utiel<\/h4>\n\n\n\n<h4 class=\"wp-block-heading\">Inscripcions en formulari web www.utiel.es en el tel\u00e8fon 674 763 393 o a trav\u00e9s del mail pangea@utiel.es&nbsp;<\/h4>\n\n\n\n<p>L&#8217;Oficina d&#8217;Atenci\u00f3 a Persones Migrades d&#8217;Utiel (PANGEA) i l&#8217;\u00e0rea d&#8217;assessorament Jur\u00eddic de l&#8217;Ajuntament d&#8217;Utiel organitzen una xarrada informativa sobre els punts clau de la reforma d&#8217;Estrangeria.&nbsp;<br>A trav\u00e9s d&#8217;aquesta sessi\u00f3 informativa, la t\u00e8cnica de l&#8217;oficina de PANGEA Utiel, Raquel Fern\u00e1ndez i l&#8217;assessora jur\u00eddica de serveis socials de l&#8217;Ajuntament d&#8217;Utiel, Laura Rold\u00e1n, exposaran alguns dels aspectes fonamentals sobre la reforma del reglament de la llei estrangeria.<br>El passat 27 de juliol es va publicar en el Butllet\u00ed Oficial de l&#8217;Estat el Reial decret 629\/2022, de 26 de juliol, pel qual es modifica el Reglament de la Llei Org\u00e1nica4\/2000, sobre drets i llibertats dels estrangers a Espanya i la seua integraci\u00f3 social, despr\u00e9s de la seua reforma per Llei org\u00e0nica 2\/2009,aprovat pel Reial decret 557\/2011, de 20 abril, que va entrar en vigor el 16 d&#8217;agost de 2022, a excepci\u00f3 de la supressi\u00f3 del Cap\u00edtol IV \u201cResid\u00e8ncia temporal i treball per compte d&#8217;altri de duraci\u00f3 determinada\u201d que entrar\u00e0 en vigor un any despr\u00e9s de la publicaci\u00f3 en el BOE.\u00a8<br>Aquesta reforma planteja entre altres punts la necessitat d&#8217;actualitzar i millorar l&#8217;actual normativa migrat\u00f2ria vinculada a l&#8217;\u00e0mbit laboral, per a cobrir les necessitats i desajustaments del mercat de treball. Aix\u00ed doncs, es proposa reformar la determinaci\u00f3 de la situaci\u00f3 nacional d&#8217;ocupaci\u00f3, de cara a conformar un Cat\u00e0leg d&#8217;Ocupacions de Dif\u00edcil Cobertura que permeta una fotografia m\u00e9s exacta de les necessitats del mercat de treball; una millora en els procediments de la gesti\u00f3 de la contractaci\u00f3 en origen i de la migraci\u00f3 circular, fidelizando a aquelles persones que complisquen amb tots els compromisos adquirits, especialment el de retorn; una adequaci\u00f3 dels arrelaments laboral, social i familiar a la realitat laboral i social actual; i la creaci\u00f3 d&#8217;una nova figura d&#8217;arrelament, l&#8217;arrelament per a la formaci\u00f3.<\/p>\n\n\n\n<p>La xarrada informativa est\u00e0 dirigida a qualsevol ciutad\u00e0 interessat a con\u00e9ixer informaci\u00f3 detallada sobre aquestes actualitzacions del reglament d&#8217;estrangeria aix\u00ed com a associacions i professionals dels sectors de serveis socials i \u00e0mbit jur\u00eddic.<br>Inscripcions<br>Les places s\u00f3n limitades per la qual cosa \u00e9s necess\u00e0ria la inscripci\u00f3 a trav\u00e9s del formulari disponible en la web municipal.<\/p>\n\n\n\n<p><\/p>\n","protected":false},"excerpt":{"rendered":"<div class=\"mh-excerpt\">Dimarts que ve 27 de setembre a les 11.00 hores en la sala d&#8217;actes de la Casa de Cultura d&#8217;Utiel Inscripcions en formulari web www.utiel.es en el tel\u00e8fon 674 763 393 o a trav\u00e9s del <a class=\"mh-excerpt-more\" href=\"https:\/\/www.tucomarca.com\/wordpress\/segunda\/ca\/pangea-utiel-organitza-una-xarrada-informativa-sobre-la-reforma-del-reglament-destrangeria\/\" title=\"PANGEA Utiel organitza una xarrada informativa sobre la reforma del reglament d&#8217;estrangeria\">[+] <\/a><\/div>\n","protected":false},"author":12,"featured_media":168160,"comment_status":"open","ping_status":"open","sticky":false,"template":"","format":"standard","meta":{"footnotes":""},"categories":[11019,10894,10909,10896,11059],"tags":[14824,10910,11174],"class_list":{"0":"post-168161","1":"post","2":"type-post","3":"status-publish","4":"format-standard","5":"has-post-thumbnail","7":"category-agenda-ca","8":"category-la-comarca-ca","9":"category-requena-utiel-ca","10":"category-seccion-ca","11":"category-utiel-ca","12":"tag-pangea-utiel-ca","13":"tag-requena-utiel-ca","14":"tag-utiel-ca"},"_links":{"self":[{"href":"https:\/\/www.tucomarca.com\/wordpress\/segunda\/ca\/wp-json\/wp\/v2\/posts\/168161","targetHints":{"allow":["GET"]}}],"collection":[{"href":"https:\/\/www.tucomarca.com\/wordpress\/segunda\/ca\/wp-json\/wp\/v2\/posts"}],"about":[{"href":"https:\/\/www.tucomarca.com\/wordpress\/segunda\/ca\/wp-json\/wp\/v2\/types\/post"}],"author":[{"embeddable":true,"href":"https:\/\/www.tucomarca.com\/wordpress\/segunda\/ca\/wp-json\/wp\/v2\/users\/12"}],"replies":[{"embeddable":true,"href":"https:\/\/www.tucomarca.com\/wordpress\/segunda\/ca\/wp-json\/wp\/v2\/comments?post=168161"}],"version-history":[{"count":0,"href":"https:\/\/www.tucomarca.com\/wordpress\/segunda\/ca\/wp-json\/wp\/v2\/posts\/168161\/revisions"}],"wp:featuredmedia":[{"embeddable":true,"href":"https:\/\/www.tucomarca.com\/wordpress\/segunda\/ca\/wp-json\/wp\/v2\/media\/168160"}],"wp:attachment":[{"href":"https:\/\/www.tucomarca.com\/wordpress\/segunda\/ca\/wp-json\/wp\/v2\/media?parent=168161"}],"wp:term":[{"taxonomy":"category","embeddable":true,"href":"https:\/\/www.tucomarca.com\/wordpress\/segunda\/ca\/wp-json\/wp\/v2\/categories?post=168161"},{"taxonomy":"post_tag","embeddable":true,"href":"https:\/\/www.tucomarca.com\/wordpress\/segunda\/ca\/wp-json\/wp\/v2\/tags?post=168161"}],"curies":[{"name":"wp","href":"https:\/\/api.w.org\/{rel}","templated":true}]}}