{"id":168209,"date":"2022-09-21T09:30:00","date_gmt":"2022-09-21T07:30:00","guid":{"rendered":"https:\/\/www.tucomarca.com\/wordpress\/segunda\/?p=168209"},"modified":"2022-09-21T15:05:28","modified_gmt":"2022-09-21T13:05:28","slug":"alboraig-posa-en-marxa-una-campanya-de-sensibilitzacio-per-a-conscienciar-sobre-la-importancia-dun-consum-responsable","status":"publish","type":"post","link":"https:\/\/www.tucomarca.com\/wordpress\/segunda\/ca\/alboraig-posa-en-marxa-una-campanya-de-sensibilitzacio-per-a-conscienciar-sobre-la-importancia-dun-consum-responsable\/","title":{"rendered":"Alboraig posa en marxa una campanya de sensibilitzaci\u00f3 per a conscienciar sobre la import\u00e0ncia d&#8217;un consum responsable"},"content":{"rendered":"\n<p>L&#8217;Ajuntament d&#8217;Alboraig, amb la col\u00b7laboraci\u00f3 de la Diputaci\u00f3 de Val\u00e8ncia, ha organitzat per a aquest dijous, 22 de setembre, una campanya de consum responsable i agenda 2030 amb la finalitat d&#8217;informar i conscienciar a la ciutadania sobre la import\u00e0ncia d&#8217;un consum responsable.<br>Per a aix\u00f2 durant el mat\u00ed del dijous s&#8217;oferir\u00e0 informaci\u00f3 sobre les claus per a aconseguir un consum responsable i conscient, i s&#8217;entregaren obsequis per a promoure els objectius de desenvolupament sostenible en diferents punts de la localitat, com l&#8217;Ajuntament o l&#8217;escola, i en xicotets comer\u00e7os.<br>Com ha explicat l&#8217;alcaldessa, Paqui Collado, l&#8217;objectiu d&#8217;aquesta campanya \u201c\u00e9s sensibilitzar als ve\u00efns i ve\u00efnes perqu\u00e8 es facen consumidors responsables a trav\u00e9s de realitzar xicotets gestos quotidians com per exemple: Triant productes locals que redueixen les emissions i la contaminaci\u00f3, comprant productes locals i de temporada evitant processos de fabricaci\u00f3 que contaminen o realitzant compres d&#8217;aliments i serveis produ\u00efts en condicions d&#8217;economia social ( cooperatives, societats laborals) en les quals es redistribueix la riquesa, entre altres\u201d.<\/p>\n\n\n\n<p><\/p>\n","protected":false},"excerpt":{"rendered":"<div class=\"mh-excerpt\">L&#8217;Ajuntament d&#8217;Alboraig, amb la col\u00b7laboraci\u00f3 de la Diputaci\u00f3 de Val\u00e8ncia, ha organitzat per a aquest dijous, 22 de setembre, una campanya de consum responsable i agenda 2030 amb la finalitat d&#8217;informar i conscienciar a la <a class=\"mh-excerpt-more\" href=\"https:\/\/www.tucomarca.com\/wordpress\/segunda\/ca\/alboraig-posa-en-marxa-una-campanya-de-sensibilitzacio-per-a-conscienciar-sobre-la-importancia-dun-consum-responsable\/\" title=\"Alboraig posa en marxa una campanya de sensibilitzaci\u00f3 per a conscienciar sobre la import\u00e0ncia d&#8217;un consum responsable\">[+] <\/a><\/div>\n","protected":false},"author":12,"featured_media":168208,"comment_status":"open","ping_status":"open","sticky":false,"template":"","format":"standard","meta":{"footnotes":""},"categories":[10973,10948,10894,10912,10947,10896],"tags":[11224,17855,10914],"class_list":{"0":"post-168209","1":"post","2":"type-post","3":"status-publish","4":"format-standard","5":"has-post-thumbnail","7":"category-alborache-ca","8":"category-infraestructuras-ca","9":"category-la-comarca-ca","10":"category-la-hoya-ca","11":"category-politica","12":"category-seccion-ca","13":"tag-alborache-ca","14":"tag-consumo-responsable-ca","15":"tag-la-hoya-de-bunol-chiva-ca"},"_links":{"self":[{"href":"https:\/\/www.tucomarca.com\/wordpress\/segunda\/ca\/wp-json\/wp\/v2\/posts\/168209","targetHints":{"allow":["GET"]}}],"collection":[{"href":"https:\/\/www.tucomarca.com\/wordpress\/segunda\/ca\/wp-json\/wp\/v2\/posts"}],"about":[{"href":"https:\/\/www.tucomarca.com\/wordpress\/segunda\/ca\/wp-json\/wp\/v2\/types\/post"}],"author":[{"embeddable":true,"href":"https:\/\/www.tucomarca.com\/wordpress\/segunda\/ca\/wp-json\/wp\/v2\/users\/12"}],"replies":[{"embeddable":true,"href":"https:\/\/www.tucomarca.com\/wordpress\/segunda\/ca\/wp-json\/wp\/v2\/comments?post=168209"}],"version-history":[{"count":0,"href":"https:\/\/www.tucomarca.com\/wordpress\/segunda\/ca\/wp-json\/wp\/v2\/posts\/168209\/revisions"}],"wp:featuredmedia":[{"embeddable":true,"href":"https:\/\/www.tucomarca.com\/wordpress\/segunda\/ca\/wp-json\/wp\/v2\/media\/168208"}],"wp:attachment":[{"href":"https:\/\/www.tucomarca.com\/wordpress\/segunda\/ca\/wp-json\/wp\/v2\/media?parent=168209"}],"wp:term":[{"taxonomy":"category","embeddable":true,"href":"https:\/\/www.tucomarca.com\/wordpress\/segunda\/ca\/wp-json\/wp\/v2\/categories?post=168209"},{"taxonomy":"post_tag","embeddable":true,"href":"https:\/\/www.tucomarca.com\/wordpress\/segunda\/ca\/wp-json\/wp\/v2\/tags?post=168209"}],"curies":[{"name":"wp","href":"https:\/\/api.w.org\/{rel}","templated":true}]}}