{"id":168218,"date":"2022-09-21T10:16:00","date_gmt":"2022-09-21T08:16:00","guid":{"rendered":"https:\/\/www.tucomarca.com\/wordpress\/segunda\/?p=168218"},"modified":"2022-09-21T22:33:55","modified_gmt":"2022-09-21T20:33:55","slug":"tot-a-punt-per-a-iniciar-la-celebracio-de-la-xlix-festa-de-la-verema-a-xest","status":"publish","type":"post","link":"https:\/\/www.tucomarca.com\/wordpress\/segunda\/ca\/tot-a-punt-per-a-iniciar-la-celebracio-de-la-xlix-festa-de-la-verema-a-xest\/","title":{"rendered":"Tot a punt per a iniciar la celebraci\u00f3 de la XLIX Festa de la Verema a Xest"},"content":{"rendered":"\n<p>El teatre Liceu de Xest acollir\u00e0 dissabte que ve, 24 de setembre, a les 21 hores, l&#8217;Exaltaci\u00f3 de la Reina de la XLIX Festa de la Verema, Srta. Marta Ruiz Mart\u00ednez, i de la seua Cort d&#8217;Honor. Tot seguit tindr\u00e0 lloc el Preg\u00f3 de festes des del balc\u00f3 del Sindicat Agr\u00edcola i amb aix\u00f2, el tret d&#8217;eixida d&#8217;una nova edici\u00f3 de la Festa de la Verema en la localitat.&nbsp;<br>Programa festiu<br>Despr\u00e9s de l&#8217;acte d&#8217;Exaltaci\u00f3 del pr\u00f2xim 24 de setembre se succeiran diferents activitats per a tots els p\u00fablics, fins a arribar a la celebraci\u00f3 de Sant Lluc, el 18 d&#8217;octubre, dia en qu\u00e8 es posar\u00e0 fi a aquestes festes patronals amb un castell de focs artificials en la IMES, a c\u00e0rrec de la pirot\u00e8cnica Reyes Mart\u00ed.&nbsp;<br>El programa complet ja pot consultar-se en la web municipal i en les xarxes socials de l&#8217;Ajuntament.<\/p>\n\n\n\n<p><strong>Novetats<\/strong><\/p>\n\n\n\n<p>En aquesta edici\u00f3 la regidoria de Festes ha elaborat un complet programa en el qual no falten els actes tradicionals, com la Pis\u00e1 del Ra\u00efm, el Dia del Mant\u00f3 o el Dia de la Flor, i que tamb\u00e9 cont\u00e9 novetats. Entre elles s&#8217;inclou un tast de vins en la pla\u00e7a del Lugarico Vell, preparada per a l&#8217;1 d&#8217;octubre a les 19.00. Les inscripcions per a participar poden realitzar-se en l&#8217;oficina de Turisme en horari d&#8217;atenci\u00f3 al p\u00fablic. Unes altres de les novetats s\u00f3n la \u201cdans\u00e0 popular\u201d que tindr\u00e0 lloc el 2 d&#8217;octubre, a les 18.00, en la pla\u00e7a Doctor Cajal, i el taller de cuina infantil que s&#8217;impartir\u00e0 el 9 d&#8217;octubre en la pla\u00e7a de l&#8217;Esgl\u00e9sia, en el qual podran participar de manera gratu\u00efta tots els xiquets i xiquetes que ho desitgen, pr\u00e8via inscripci\u00f3 a l&#8217;ajuntament. A m\u00e9s, s&#8217;ha programat una torr\u00e0 popular per al dia 8 d&#8217;octubre, a les 21.00 en la carretera Ll\u00edria. L&#8217;Ajuntament facilitar\u00e0 llenya, arena, taules i cadires a les penyes que el sol\u00b7liciten en les oficines del consistori, indicant el nom de la penya i el nombre de persones assistents.<br>D&#8217;altra banda, en el marc de les festes, se celebrar\u00e0 una jornada d&#8217;esport inclusiu, el dia 8 a partir de les 17.30 en el CEIP Francisco Giner dels Rius; s&#8217;inaugurar\u00e0 la nova gespa del camp de futbol \u201cLa Vinya\u201d, el 14 d&#8217;octubre a les 19.00; i tindr\u00e0 lloc una partida de pilota valenciana, el diumenge 16 d&#8217;octubre, amb un homenatge a Genov\u00e9s, a les 12.00 en el front\u00f3 Bar\u00f3 de Xest.&nbsp;<br>Els actes taurins es desenvoluparan entre el 12 i el 16 d&#8217;octubre i seran a c\u00e0rrec de ramaderies locals, amb les t\u00edpiques entr\u00e0s, bous i vaquillas en pla\u00e7a i bou embolao, que enguany passa a celebrar-se en la nit del divendres 14 d&#8217;octubre. Tamb\u00e9 hi haur\u00e0 bou de la corda el dia 15 d&#8217;octubre, a les 8.00, unes hores abans de celebrar la Festa de les Paelles. Les eixides del bestiar es realitzaran pel carrer Xiva, del dia 12 d&#8217;octubre al 16, excepte el 15.<\/p>\n\n\n\n<p><\/p>\n","protected":false},"excerpt":{"rendered":"<div class=\"mh-excerpt\">El teatre Liceu de Xest acollir\u00e0 dissabte que ve, 24 de setembre, a les 21 hores, l&#8217;Exaltaci\u00f3 de la Reina de la XLIX Festa de la Verema, Srta. Marta Ruiz Mart\u00ednez, i de la seua <a class=\"mh-excerpt-more\" href=\"https:\/\/www.tucomarca.com\/wordpress\/segunda\/ca\/tot-a-punt-per-a-iniciar-la-celebracio-de-la-xlix-festa-de-la-verema-a-xest\/\" title=\"Tot a punt per a iniciar la celebraci\u00f3 de la XLIX Festa de la Verema a Xest\">[+] <\/a><\/div>\n","protected":false},"author":12,"featured_media":168131,"comment_status":"open","ping_status":"open","sticky":false,"template":"","format":"standard","meta":{"footnotes":""},"categories":[11019,10894,10912,11007,10896,10974],"tags":[11071,11789,10914],"class_list":{"0":"post-168218","1":"post","2":"type-post","3":"status-publish","4":"format-standard","5":"has-post-thumbnail","7":"category-agenda-ca","8":"category-la-comarca-ca","9":"category-la-hoya-ca","10":"category-ocio-y-cultura-ca","11":"category-seccion-ca","12":"category-cheste-ca","13":"tag-cheste","14":"tag-fiestas-de-la-vendimia-de-cheste-ca","15":"tag-la-hoya-de-bunol-chiva-ca"},"_links":{"self":[{"href":"https:\/\/www.tucomarca.com\/wordpress\/segunda\/ca\/wp-json\/wp\/v2\/posts\/168218","targetHints":{"allow":["GET"]}}],"collection":[{"href":"https:\/\/www.tucomarca.com\/wordpress\/segunda\/ca\/wp-json\/wp\/v2\/posts"}],"about":[{"href":"https:\/\/www.tucomarca.com\/wordpress\/segunda\/ca\/wp-json\/wp\/v2\/types\/post"}],"author":[{"embeddable":true,"href":"https:\/\/www.tucomarca.com\/wordpress\/segunda\/ca\/wp-json\/wp\/v2\/users\/12"}],"replies":[{"embeddable":true,"href":"https:\/\/www.tucomarca.com\/wordpress\/segunda\/ca\/wp-json\/wp\/v2\/comments?post=168218"}],"version-history":[{"count":0,"href":"https:\/\/www.tucomarca.com\/wordpress\/segunda\/ca\/wp-json\/wp\/v2\/posts\/168218\/revisions"}],"wp:featuredmedia":[{"embeddable":true,"href":"https:\/\/www.tucomarca.com\/wordpress\/segunda\/ca\/wp-json\/wp\/v2\/media\/168131"}],"wp:attachment":[{"href":"https:\/\/www.tucomarca.com\/wordpress\/segunda\/ca\/wp-json\/wp\/v2\/media?parent=168218"}],"wp:term":[{"taxonomy":"category","embeddable":true,"href":"https:\/\/www.tucomarca.com\/wordpress\/segunda\/ca\/wp-json\/wp\/v2\/categories?post=168218"},{"taxonomy":"post_tag","embeddable":true,"href":"https:\/\/www.tucomarca.com\/wordpress\/segunda\/ca\/wp-json\/wp\/v2\/tags?post=168218"}],"curies":[{"name":"wp","href":"https:\/\/api.w.org\/{rel}","templated":true}]}}