{"id":168343,"date":"2022-09-23T13:00:00","date_gmt":"2022-09-23T11:00:00","guid":{"rendered":"https:\/\/www.tucomarca.com\/wordpress\/segunda\/?p=168343"},"modified":"2022-09-24T02:14:41","modified_gmt":"2022-09-24T00:14:41","slug":"bunyol-celebra-aquest-cap-de-setmana-la-xiii-trobada-de-hateros","status":"publish","type":"post","link":"https:\/\/www.tucomarca.com\/wordpress\/segunda\/ca\/bunyol-celebra-aquest-cap-de-setmana-la-xiii-trobada-de-hateros\/","title":{"rendered":"Bunyol celebra aquest cap de setmana la XIII Trobada de Hateros\u00a0"},"content":{"rendered":"\n<h4 class=\"wp-block-heading\">La localitat de Bunyol celebra aquest cap de setmana la XIII Trobada de Hateros, organitzat per la regidoria de Turisme i Tomatina en col\u00b7laboraci\u00f3 amb l&#8217;Associaci\u00f3 Hateros i la Falla Ventas.<\/h4>\n\n\n\n<figure class=\"wp-block-gallery has-nested-images columns-default is-cropped wp-block-gallery-1 is-layout-flex wp-block-gallery-is-layout-flex\">\n<figure class=\"wp-block-image size-large\"><img loading=\"lazy\" decoding=\"async\" width=\"835\" height=\"1181\" data-id=\"168252\" src=\"http:\/\/www.tucomarca.com\/wordpress\/segunda\/wp-content\/uploads\/2022\/09\/hateros22.jpg\" alt=\"\" class=\"wp-image-168252\" srcset=\"https:\/\/www.tucomarca.com\/wordpress\/segunda\/wp-content\/uploads\/2022\/09\/hateros22.jpg 835w, https:\/\/www.tucomarca.com\/wordpress\/segunda\/wp-content\/uploads\/2022\/09\/hateros22-212x300.jpg 212w, https:\/\/www.tucomarca.com\/wordpress\/segunda\/wp-content\/uploads\/2022\/09\/hateros22-724x1024.jpg 724w, https:\/\/www.tucomarca.com\/wordpress\/segunda\/wp-content\/uploads\/2022\/09\/hateros22-768x1086.jpg 768w\" sizes=\"auto, (max-width: 835px) 100vw, 835px\" \/><\/figure>\n\n\n\n<figure class=\"wp-block-image size-large\"><img loading=\"lazy\" decoding=\"async\" width=\"1414\" height=\"2000\" data-id=\"168338\" src=\"http:\/\/www.tucomarca.com\/wordpress\/segunda\/wp-content\/uploads\/2022\/09\/FallaVentas.jpg\" alt=\"\" class=\"wp-image-168338\" srcset=\"https:\/\/www.tucomarca.com\/wordpress\/segunda\/wp-content\/uploads\/2022\/09\/FallaVentas.jpg 1414w, https:\/\/www.tucomarca.com\/wordpress\/segunda\/wp-content\/uploads\/2022\/09\/FallaVentas-212x300.jpg 212w, https:\/\/www.tucomarca.com\/wordpress\/segunda\/wp-content\/uploads\/2022\/09\/FallaVentas-724x1024.jpg 724w, https:\/\/www.tucomarca.com\/wordpress\/segunda\/wp-content\/uploads\/2022\/09\/FallaVentas-768x1086.jpg 768w, https:\/\/www.tucomarca.com\/wordpress\/segunda\/wp-content\/uploads\/2022\/09\/FallaVentas-1086x1536.jpg 1086w\" sizes=\"auto, (max-width: 1414px) 100vw, 1414px\" \/><\/figure>\n\n\n\n<figure class=\"wp-block-image size-large\"><img loading=\"lazy\" decoding=\"async\" width=\"1132\" height=\"1600\" data-id=\"168340\" src=\"http:\/\/www.tucomarca.com\/wordpress\/segunda\/wp-content\/uploads\/2022\/09\/PrefallaVentas.jpg\" alt=\"\" class=\"wp-image-168340\" srcset=\"https:\/\/www.tucomarca.com\/wordpress\/segunda\/wp-content\/uploads\/2022\/09\/PrefallaVentas.jpg 1132w, https:\/\/www.tucomarca.com\/wordpress\/segunda\/wp-content\/uploads\/2022\/09\/PrefallaVentas-212x300.jpg 212w, https:\/\/www.tucomarca.com\/wordpress\/segunda\/wp-content\/uploads\/2022\/09\/PrefallaVentas-724x1024.jpg 724w, https:\/\/www.tucomarca.com\/wordpress\/segunda\/wp-content\/uploads\/2022\/09\/PrefallaVentas-768x1086.jpg 768w, https:\/\/www.tucomarca.com\/wordpress\/segunda\/wp-content\/uploads\/2022\/09\/PrefallaVentas-1087x1536.jpg 1087w\" sizes=\"auto, (max-width: 1132px) 100vw, 1132px\" \/><\/figure>\n<\/figure>\n\n\n\n<p>Aquest esdeveniment torna a celebrar-se despr\u00e9s de tres anys d&#8217;abs\u00e8ncia, ja que en 2019 es va suspendre per la pluja i els dos anys seg\u00fcents a conseq\u00fc\u00e8ncia de la pand\u00e8mia provocada per la COVID-19. Aquesta festa tradicional de la localitat torna amb molta il\u00b7lusi\u00f3 i esfor\u00e7, ja que est\u00e0 previst multitud d&#8217;activitats perqu\u00e8 tota la ciutadania gaudisca d&#8217;un cap de setmana il\u00b7lusionant.<br>Aquesta nit est\u00e0 previst, a partir de les 23.30 hores, la presentaci\u00f3 de la representant dels Hateros i, despr\u00e9s un mon\u00f2leg i una festa per a totes les persones assistents. Dues hores abans, a les 21.30 hores, hi haur\u00e0 sopar de sobaquillo.<br>Dem\u00e0 dissabte, a les 11 hores, comen\u00e7ar\u00e0 el concurs de Gossos Templaus, que tindr\u00e0 lloc al Carrer Comtes de Bunyol. Aquesta activitat, que abans es realitzava durant la setmana de Fira i Festes, se celebra durant aquest cap de setmana des de 2018 perqu\u00e8 est\u00e0 \u00edntimament relacionat amb la ca\u00e7a.<br>A les 12.30 hores hi haur\u00e0 cinqu\u00e9 i tapa en la Pla\u00e7a Ventas, amb degustaci\u00f3 de la torr\u00e1 al voltant i la coca amb cansalada viada que realitzen els millors Hateros de Bunyol. Ja a la nit, a les 22 hores, tindr\u00e0 lloc un sopar per a tots els participants i a les 12 de la mitjanit comen\u00e7ar\u00e0 la festa acomiadada de l&#8217;estiu amb la pres\u00e8ncia dels dj\u2019s Miki Grau i V\u00edctor G\u00f3mez.<br>Mar\u00eda Vall\u00e9s, regidora de Turisme i Tomatina de l&#8217;Ajuntament de Bunyol, s&#8217;ha mostrat \u201cmolt il\u00b7lusionada i satisfeta\u201d amb l&#8217;organitzaci\u00f3 d&#8217;aquest esdeveniment tan arrelat en la localitat. \u201cLa trobada de Hateros \u00e9s un esdeveniment que ens fa diferents i que hem de donar-li la import\u00e0ncia i visibilitat que es mereix. Des d&#8217;ac\u00ed convide i anime a tota la ciutadania i a les persones visitants al fet que participen en les activitats i degusten els plats tan saborosos que ens presentaran\u201d, ha seguit la regidora.<\/p>\n","protected":false},"excerpt":{"rendered":"<div class=\"mh-excerpt\">La localitat de Bunyol celebra aquest cap de setmana la XIII Trobada de Hateros, organitzat per la regidoria de Turisme i Tomatina en col\u00b7laboraci\u00f3 amb l&#8217;Associaci\u00f3 Hateros i la Falla Ventas. Aquest esdeveniment torna a <a class=\"mh-excerpt-more\" href=\"https:\/\/www.tucomarca.com\/wordpress\/segunda\/ca\/bunyol-celebra-aquest-cap-de-setmana-la-xiii-trobada-de-hateros\/\" title=\"Bunyol celebra aquest cap de setmana la XIII Trobada de Hateros\u00a0\">[+] <\/a><\/div>\n","protected":false},"author":12,"featured_media":74902,"comment_status":"open","ping_status":"open","sticky":false,"template":"","format":"standard","meta":{"footnotes":""},"categories":[11019,10911,10894,10912,11007,10896],"tags":[10913,10914,17860],"class_list":{"0":"post-168343","1":"post","2":"type-post","3":"status-publish","4":"format-standard","5":"has-post-thumbnail","7":"category-agenda-ca","8":"category-bunol-ca","9":"category-la-comarca-ca","10":"category-la-hoya-ca","11":"category-ocio-y-cultura-ca","12":"category-seccion-ca","13":"tag-bunol-ca","14":"tag-la-hoya-de-bunol-chiva-ca","15":"tag-xiii-encuentro-de-hateros-ca"},"_links":{"self":[{"href":"https:\/\/www.tucomarca.com\/wordpress\/segunda\/ca\/wp-json\/wp\/v2\/posts\/168343","targetHints":{"allow":["GET"]}}],"collection":[{"href":"https:\/\/www.tucomarca.com\/wordpress\/segunda\/ca\/wp-json\/wp\/v2\/posts"}],"about":[{"href":"https:\/\/www.tucomarca.com\/wordpress\/segunda\/ca\/wp-json\/wp\/v2\/types\/post"}],"author":[{"embeddable":true,"href":"https:\/\/www.tucomarca.com\/wordpress\/segunda\/ca\/wp-json\/wp\/v2\/users\/12"}],"replies":[{"embeddable":true,"href":"https:\/\/www.tucomarca.com\/wordpress\/segunda\/ca\/wp-json\/wp\/v2\/comments?post=168343"}],"version-history":[{"count":0,"href":"https:\/\/www.tucomarca.com\/wordpress\/segunda\/ca\/wp-json\/wp\/v2\/posts\/168343\/revisions"}],"wp:featuredmedia":[{"embeddable":true,"href":"https:\/\/www.tucomarca.com\/wordpress\/segunda\/ca\/wp-json\/wp\/v2\/media\/74902"}],"wp:attachment":[{"href":"https:\/\/www.tucomarca.com\/wordpress\/segunda\/ca\/wp-json\/wp\/v2\/media?parent=168343"}],"wp:term":[{"taxonomy":"category","embeddable":true,"href":"https:\/\/www.tucomarca.com\/wordpress\/segunda\/ca\/wp-json\/wp\/v2\/categories?post=168343"},{"taxonomy":"post_tag","embeddable":true,"href":"https:\/\/www.tucomarca.com\/wordpress\/segunda\/ca\/wp-json\/wp\/v2\/tags?post=168343"}],"curies":[{"name":"wp","href":"https:\/\/api.w.org\/{rel}","templated":true}]}}