{"id":168350,"date":"2022-09-22T12:00:00","date_gmt":"2022-09-22T10:00:00","guid":{"rendered":"https:\/\/www.tucomarca.com\/wordpress\/segunda\/?p=168350"},"modified":"2022-09-24T02:32:32","modified_gmt":"2022-09-24T00:32:32","slug":"la-diputacio-aprova-55-obres-de-millora-en-espais-i-serveis-publics-de-la-comarca-requena-utiel","status":"publish","type":"post","link":"https:\/\/www.tucomarca.com\/wordpress\/segunda\/ca\/la-diputacio-aprova-55-obres-de-millora-en-espais-i-serveis-publics-de-la-comarca-requena-utiel\/","title":{"rendered":"La Diputaci\u00f3 aprova 55 obres de millora en espais i serveis p\u00fablics de la comarca Requena-Utiel"},"content":{"rendered":"\n<h4 class=\"wp-block-heading\">Els 9 municipis i les 2 mancomunitats de la comarca licitaran i executaran m\u00e9s de mig centenar de projectes subvencionats pel Pla d&#8217;Inversions 2022-23 de la corporaci\u00f3 provincial amb 5,7 milions d&#8217;euros<\/h4>\n\n\n\n<h4 class=\"wp-block-heading\">Entre les sol\u00b7licituds validades, hi ha 16 projectes d&#8217;infraestructures, espais p\u00fablics i serveis; destacant tamb\u00e9 les 12 dedicades a urbanisme i accessibilitat, i les 10 d&#8217;instal\u00b7lacions esportives<\/h4>\n\n\n\n<h4 class=\"wp-block-heading\">El vicepresident Carlos Fern\u00e1ndez Bielsa destaca que este programa \u00e9s \u201cun pla de valors que premia el desenvolupament sostenible, sobre la base de la igualtat, l&#8217;objectivitat i l&#8217;autonomia local\u201d<\/h4>\n\n\n\n<p>La Diputaci\u00f3 de Val\u00e9ncia ha donat llum verda a 55 projectes de millora d&#8217;espais i serveis p\u00fablics presentats a la comarca Requena-Utiel, composta per nou ajuntaments i les mancomunitats de Tierra del Vino i El Tejo, per a una aportaci\u00f3 total de m\u00e9s de 5,7 milions d&#8217;euros. Estes actuacions, que licitaran i executaran els propis consistoris al llarg d&#8217;enguany i el pr\u00f2xim, seran subvencionades \u00edntegrament per la Diputaci\u00f3 en el marc del Pla d&#8217;Inversions 2022-23, que ha aprovat un total de 1.473 sol\u00b7licituds a la prov\u00edncia amb un pressupost global de 144 milions d&#8217;euros.<\/p>\n\n\n\n<p>El ple de setembre de la instituci\u00f3 provincial va validar per unanimitat la proposta presentada pel diputat de Cooperaci\u00f3 Municipal, Carlos Fern\u00e1ndez Bielsa, que inclou m\u00e9s de mig centenar de projectes presentats pels consistoris de la comarca. Chera ha sigut el municipi que ha distribu\u00eft l&#8217;assignaci\u00f3 del Pla d&#8217;Inversions en un major nombre d&#8217;actuacions, amb 13; mentre que Requena la destinar\u00e0 a 11 projectes, Venta del Moro a huit i Utiel a sis. Altres municipis han apostat per concentrar la seua assignaci\u00f3 en actuacions de major import\u00e0ncia, com Camporrobles i Sinarcas, amb tres cadascuna, i Villargordo del Cabriel, amb dues intervencions.<\/p>\n\n\n\n<p>Les xifres defineixen per si soles este \u201cprograma de valors que permet als municipis prioritzar les seues necessitats, que premia les estrat\u00e8gies de desenvolupament local i la sostenibilitat i aposta per l&#8217;eliminaci\u00f3 de la burocr\u00e0cia i l&#8217;ajuda incondicional als pobles xicotets, que s\u00f3n els que m\u00e9s ho necessiten\u201d. En el cas dels municipis de la comarca Requena-Utiel, la totalitat dels projectes aprovats seran directament licitats i executats per les corporacions locals, una de les grans novetats del pla en el seu intent de \u201cagilitzar les tramitacions i executar-les amb major rapidesa\u201d, com explica el propi Bielsa.<\/p>\n\n\n\n<p>El vicepresident i responsable de Cooperaci\u00f3 recorda que els alcaldes i alcaldesses, en consens amb els equips municipals i les ve\u00efnes i ve\u00efns de cada poble, s\u00f3n els que han decidit a quines obres o actuacions destinen els diners. \u201cAix\u00f2 no canvia, per\u00f2 hem fet un pas m\u00e9s amb la finalitat de permetre als t\u00e8cnics dels ajuntaments donar el vistiplau als projectes, la qual cosa servir\u00e0 per a millorar els temps del proc\u00e9s de licitaci\u00f3 de cada obra i la seua posterior execuci\u00f3\u201d.<\/p>\n\n\n\n<p>Infraestructures i urbanisme<\/p>\n\n\n\n<p>Una altra de les caracter\u00edstiques d&#8217;aquest pla inversor de la Diputaci\u00f3 \u00e9s que pr\u00e0cticament la meitat de les sol\u00b7licituds presentades pels ajuntaments coincideixen amb un o diversos dels objectius de desenvolupament sostenible (ODS) bonificats en el pla, cas de l&#8217;efici\u00e8ncia energ\u00e8tica, les xarxes de sanejament, la millora de l&#8217;accessibilitat o noves zones verdes en espais urbans. Molts d&#8217;estos projectes combinen actuacions en diferents \u00e0mbits, com pot ser la repavimentaci\u00f3 de carrers, la renovaci\u00f3 de les canalitzacions d&#8217;aigua potable i la instal\u00b7laci\u00f3 d&#8217;enllumenat eficient en la zona.<\/p>\n\n\n\n<p>Un exemple s\u00f3n els 260.000 euros que destinar\u00e0 Camporrobles a la substituci\u00f3 de canonades de prove\u00efment d&#8217;aigua i la integraci\u00f3 de zones verdes a la \u2018illa de calor\u2019 de la pla\u00e7a d&#8217;Espanya; o els 177.000 euros de Sinarcas per a la rehabilitaci\u00f3 energ\u00e8tica i l&#8217;adequaci\u00f3 d&#8217;espais en la llar del jubilat i el centre de joventut.<\/p>\n\n\n\n<p>En xifres globals, el ple provincial ha aprovat 16 obres de millora en infraestructures i serveis p\u00fablics sol\u00b7licitades pels ajuntaments de la comarca, sent aquest l&#8217;\u00e0mbit amb major nombre d&#8217;intervencions. Li segueixen les actuacions d&#8217;urbanisme i accessibilitat (12); les inversions en instal\u00b7lacions esportives (10) i la renovaci\u00f3 de xarxes de sanejament (8).<\/p>\n\n\n\n<p>En este sentit, Fern\u00e1ndez Bielsa posa en valor la responsabilitat d&#8217;alcaldes i alcaldesses en presentar projectes que \u201cresponen a les inquietuds i demandes ve\u00efnals, per\u00f2 tamb\u00e9 a les necessitats de cada municipi amb actuacions que a vegades no s\u00f3n tan vistoses per\u00f2 que han d&#8217;executar-se\u201d.<\/p>\n\n\n\n<p>Altres actuacions a la comarca<\/p>\n\n\n\n<p>Les actuacions projectades pels ajuntaments de la comarca Requena-Utiel s&#8217;emmarquen en diferents \u00e0mbits. Aix\u00ed, Villargordo del Cabriel substituir\u00e0 una canonada de prove\u00efment d&#8217;aigua i eliminar\u00e0 barreres arquitect\u00f2niques en diferents espais. Caudete de las Fuentes, per part seua, concentrar\u00e0 la majoria de la seua assignaci\u00f3 en dues obres: un pou en Bicuerca, i la urbanitzaci\u00f3 dels carrers Val\u00e8ncia, Arc, Barranco i Castillo. Utiel, entre altres actuacions, habilitar\u00e0 un espai degradat al carrer Garc\u00eda Berlanga per a transformar-lo en una zona urbana per als vianants; mentre que Chera, que ha decidit diversificar el seu pressupost en un gran nombre d&#8217;obres, aposta especialment per la millora d&#8217;infraestructures, espais p\u00fablics i serveis.<\/p>\n\n\n\n<p>En l&#8217;\u00e0mbit esportiu tamb\u00e9 trobem obres d&#8217;envergadura, com a Fuenterrobles, que invertir\u00e0 quasi 200.000 euros a instal\u00b7lar gespa artificial en el camp de futbol; Requena, que construir\u00e0 pistes de p\u00e0del en un edifici multifuncional, amb un pressupost de 220.000 euros; o Venta del Moro, que dedicar\u00e0 m\u00e9s de 72.000 euros a un camp de futbol sala i la renovaci\u00f3 del s\u00f2l del front\u00f3 en el llogaret de Las Monjas.<\/p>\n\n\n\n<p>Altres projectes destacats, per pressupost, s\u00f3n la reurbanitzaci\u00f3 del carrer Beato G\u00e1lvez d&#8217;Utiel (387.000 euros); la reforma de l&#8217;edifici i les instal\u00b7lacions de l&#8217;antic escorxador de Requena per a convertir-lo en seu de la brigada municipal (224.000 euros); la substituci\u00f3 de la canonada de prove\u00efment d&#8217;aigua, amb repavimentaci\u00f3 i eliminaci\u00f3 de barreres arquitect\u00f2niques a Sinarcas (214.000); o la reurbanitzaci\u00f3 de diferents carrers de Venta del Moro (254.000).<\/p>\n\n\n\n<p>Quant a les mancomunitats de la comarca, la del Tejo adquirir\u00e0 un cami\u00f3 amb cistella elevadora i diferents m\u00f2duls d&#8217;escenari per als esdeveniments dels municipis mancomunats (82.000 euros en total); mentre que Tierra del Vino destinar\u00e0 els seus quasi 137.000 euros a l&#8217;adequaci\u00f3 de la gossera comarcal, dotant-la tamb\u00e9 d&#8217;un vehicle, i tamb\u00e9 a reformar la segona planta de la seu de la mancomunitat per a fer despatxos multiusos.<\/p>\n","protected":false},"excerpt":{"rendered":"<div class=\"mh-excerpt\">Els 9 municipis i les 2 mancomunitats de la comarca licitaran i executaran m\u00e9s de mig centenar de projectes subvencionats pel Pla d&#8217;Inversions 2022-23 de la corporaci\u00f3 provincial amb 5,7 milions d&#8217;euros Entre les sol\u00b7licituds <a class=\"mh-excerpt-more\" href=\"https:\/\/www.tucomarca.com\/wordpress\/segunda\/ca\/la-diputacio-aprova-55-obres-de-millora-en-espais-i-serveis-publics-de-la-comarca-requena-utiel\/\" title=\"La Diputaci\u00f3 aprova 55 obres de millora en espais i serveis p\u00fablics de la comarca Requena-Utiel\">[+] <\/a><\/div>\n","protected":false},"author":12,"featured_media":168349,"comment_status":"open","ping_status":"open","sticky":false,"template":"","format":"standard","meta":{"footnotes":""},"categories":[11031,11054,10898,10948,10894,10947,10908,10909,10896,11058,11059,11060,11061],"tags":[11246,17875,16823],"class_list":{"0":"post-168350","1":"post","2":"type-post","3":"status-publish","4":"format-standard","5":"has-post-thumbnail","7":"category-camporrobles-ca","8":"category-chera-ca","9":"category-ventana-ca","10":"category-infraestructuras-ca","11":"category-la-comarca-ca","12":"category-politica","13":"category-requena-ca","14":"category-requena-utiel-ca","15":"category-seccion-ca","16":"category-sinarcas-ca","17":"category-utiel-ca","18":"category-venta-del-moro-ca","19":"category-villargordo-del-cabriel-ca","20":"tag-diputacio-de-valencia-ca","21":"tag-obras-de-mejora-ca","22":"tag-requena-utiel-2-ca"},"_links":{"self":[{"href":"https:\/\/www.tucomarca.com\/wordpress\/segunda\/ca\/wp-json\/wp\/v2\/posts\/168350","targetHints":{"allow":["GET"]}}],"collection":[{"href":"https:\/\/www.tucomarca.com\/wordpress\/segunda\/ca\/wp-json\/wp\/v2\/posts"}],"about":[{"href":"https:\/\/www.tucomarca.com\/wordpress\/segunda\/ca\/wp-json\/wp\/v2\/types\/post"}],"author":[{"embeddable":true,"href":"https:\/\/www.tucomarca.com\/wordpress\/segunda\/ca\/wp-json\/wp\/v2\/users\/12"}],"replies":[{"embeddable":true,"href":"https:\/\/www.tucomarca.com\/wordpress\/segunda\/ca\/wp-json\/wp\/v2\/comments?post=168350"}],"version-history":[{"count":0,"href":"https:\/\/www.tucomarca.com\/wordpress\/segunda\/ca\/wp-json\/wp\/v2\/posts\/168350\/revisions"}],"wp:featuredmedia":[{"embeddable":true,"href":"https:\/\/www.tucomarca.com\/wordpress\/segunda\/ca\/wp-json\/wp\/v2\/media\/168349"}],"wp:attachment":[{"href":"https:\/\/www.tucomarca.com\/wordpress\/segunda\/ca\/wp-json\/wp\/v2\/media?parent=168350"}],"wp:term":[{"taxonomy":"category","embeddable":true,"href":"https:\/\/www.tucomarca.com\/wordpress\/segunda\/ca\/wp-json\/wp\/v2\/categories?post=168350"},{"taxonomy":"post_tag","embeddable":true,"href":"https:\/\/www.tucomarca.com\/wordpress\/segunda\/ca\/wp-json\/wp\/v2\/tags?post=168350"}],"curies":[{"name":"wp","href":"https:\/\/api.w.org\/{rel}","templated":true}]}}