{"id":168368,"date":"2022-09-22T13:00:00","date_gmt":"2022-09-22T11:00:00","guid":{"rendered":"https:\/\/www.tucomarca.com\/wordpress\/segunda\/?p=168368"},"modified":"2022-09-24T02:17:07","modified_gmt":"2022-09-24T00:17:07","slug":"la-diputacio-aprova-91-obres-de-millora-en-espais-i-serveis-publics-del-camp-de-turia","status":"publish","type":"post","link":"https:\/\/www.tucomarca.com\/wordpress\/segunda\/ca\/la-diputacio-aprova-91-obres-de-millora-en-espais-i-serveis-publics-del-camp-de-turia\/","title":{"rendered":"\u00a0La Diputaci\u00f3 aprova 91 obres de millora en espais i serveis p\u00fablics del Camp de T\u00faria"},"content":{"rendered":"\n<h4 class=\"wp-block-heading\">Els 16 municipis i la mancomunitat de la comarca licitaran i executaran quasi un centenar de projectes subvencionats pel Pla d&#8217;Inversions 2022-23 de la corporaci\u00f3 provincial amb 10,8 milions d\u2019euros<\/h4>\n\n\n\n<h4 class=\"wp-block-heading\">Entre les sol\u00b7licituds validades destaquen les actuacions de millora d&#8217;infraestructures, seguides per les d&#8217;urbanisme i accessibilitat, efici\u00e8ncia energ\u00e8tica i renovaci\u00f3 de zones verdes i esportives<\/h4>\n\n\n\n<h4 class=\"wp-block-heading\">El vicepresident Carlos Fern\u00e1ndez Bielsa destaca que este programa \u00e9s \u201cun pla de valors que premia el desenvolupament sostenible, sobre la base de la igualtat, l&#8217;objectivitat i l&#8217;autonomia local\u201d<\/h4>\n\n\n\n<p>La Diputaci\u00f3 de Val\u00e9ncia ha donat llum verda a 91 projectes de millora d&#8217;espais i serveis p\u00fablics presentats pels 16 ajuntaments i la Mancomunitat del Camp de T\u00faria, amb una aportaci\u00f3 de prop d\u201911 milions d\u2019euros. Estes actuacions, que licitaran i executaran els propis consistoris al llarg dels pr\u00f2xims mesos, seran subvencionades \u00edntegrament per la Diputaci\u00f3 en el marc del Pla d&#8217;Inversions 2022-23, que ha aprovat un total de 1.473 sol\u00b7licituds a la prov\u00edncia amb un pressupost global de 144 milions d&#8217;euros.<\/p>\n\n\n\n<p>El ple de setembre de la instituci\u00f3 provincial va validar per unanimitat la proposta presentada pel diputat de Cooperaci\u00f3 Municipal, Carlos Fern\u00e1ndez Bielsa, que inclou prop d&#8217;un centenar de projectes presentats pels consistoris de la comarca. Benaguasil, amb 13 sol\u00b7licituds validades, encap\u00e7ala un llistat en el qual la Pobla de Vallbona i Marines apareixen amb 10 actuacions aprovades, Riba-roja amb nou i Sant Antoni i Ll\u00edria amb huit, enfront d&#8217;Olocau, N\u00e0quera i Loriguilla, que han optat per destinar els fons provincials a un \u00fanic projecte de major quantia.<\/p>\n\n\n\n<p>Les xifres definixen per si soles este \u201cprograma de valors que permet als municipis prioritzar les seues necessitats, que premia les estrat\u00e8gies de desenvolupament local i la sostenibilitat i aposta per l&#8217;eliminaci\u00f3 de la burocr\u00e0cia i l&#8217;ajuda incondicional als pobles xicotets, que s\u00f3n els que m\u00e9s ho necessiten\u201d. En el cas del Camp de T\u00faria, la totalitat dels projectes aprovats seran directament licitats i executats per les corporacions locals, una de les grans novetats del pla en el seu intent de \u201cagilitzar les tramitacions i executar-les amb major rapidesa\u201d, com explica el propi Bielsa.<\/p>\n\n\n\n<p>El vicepresident i responsable de Cooperaci\u00f3 recorda que els alcaldes i alcaldesses, en consens amb els equips municipals i les ve\u00efnes i ve\u00efns de cada poble, s\u00f3n els que han decidit a quines obres o actuacions destinen els diners. \u201cAix\u00f2 no canvia, per\u00f2 hem fet un pas m\u00e9s amb la finalitat de permetre als t\u00e8cnics dels ajuntaments donar el vistiplau als projectes, la qual cosa servir\u00e0 per a millorar els temps del proc\u00e9s de licitaci\u00f3 de cada obra i la seua posterior execuci\u00f3\u201d.<\/p>\n\n\n\n<p>Infraestructures i urbanisme<\/p>\n\n\n\n<p>Una altra de les caracter\u00edstiques d&#8217;este pla inversor de la Diputaci\u00f3 \u00e9s que pr\u00e0cticament la mitat de les sol\u00b7licituds presentades pels ajuntaments coincidixen amb un o diversos dels objectius de desenvolupament sostenible bonificats en el pla, cas de l&#8217;efici\u00e8ncia energ\u00e8tica, les xarxes de sanejament, la millora de l&#8217;accessibilitat o noves zones verdes en espais urbans. Molts d&#8217;estos projectes combinen actuacions en diferents \u00e0mbits, com pot ser la repavimentaci\u00f3 de carrers, la renovaci\u00f3 de les canalitzacions d&#8217;aigua potable i la instal\u00b7laci\u00f3 d&#8217;enllumenat eficient en la zona.<\/p>\n\n\n\n<p>Precisament esta f\u00f3rmula combinada \u00e9s la que ha utilitzat l&#8217;Eliana per al seu projecte d&#8217;accessibilitat i renovaci\u00f3 de l&#8217;enllumenat i la xarxa d&#8217;aigua potable als carrers General Pastor i Val\u00e8ncia, amb una inversi\u00f3 de 450.000 euros. Esta ser\u00e0 una de les obres amb major pressupost del pla a la comarca, al costat de la renovaci\u00f3 de l&#8217;enllumenat a la urbanitzaci\u00f3 Mont Ros de N\u00e0quera (600.000 euros); l&#8217;adequaci\u00f3 de la pista d&#8217;atletisme de Ll\u00edria (450.000 euros); i l&#8217;aparcament p\u00fablic que preveu construir Olocau per a convertir en zona de vianants l&#8217;entorn urb\u00e0 (450.000 euros).<\/p>\n\n\n\n<p>En xifres globals, el ple provincial ha aprovat 24 obres de millora en infraestructures i serveis p\u00fablics sol\u00b7licitades pels ajuntaments de la comarca. Li seguixen les actuacions d&#8217;urbanisme i accessibilitat (19); les vinculades a l&#8217;efici\u00e8ncia energ\u00e8tica i smart cities (16); la intervenci\u00f3 i adequaci\u00f3 de zones verdes i parcs infantils (12); i les intervencions en instal\u00b7lacions esportives (9) i xarxes de sanejament (8).<\/p>\n\n\n\n<p>En este sentit, Fern\u00e1ndez Bielsa posa en valor la responsabilitat d&#8217;alcaldes i alcaldesses en presentar projectes que \u201cresponen a les inquietuds i demandes ve\u00efnals, per\u00f2 tamb\u00e9 a les necessitats de cada municipi amb actuacions que a vegades no s\u00f3n tan vistoses per\u00f2 que han d&#8217;executar-se\u201d.<\/p>\n\n\n\n<p>Altres actuacions a la comarca<\/p>\n\n\n\n<p>Les actuacions projectades pels ajuntaments del Camp de T\u00faria s&#8217;emmarquen en diferents \u00e0mbits. Loriguilla, per exemple, destinar\u00e0 la seua assignaci\u00f3 en el pla a la reforma de les voreres i la substituci\u00f3 de la xarxa d&#8217;aigua potable en el nucli urb\u00e0 (455.000 euros). Altres municipis trien millorar infraestructures i elements patrimonials, cas de Casinos, que instal\u00b7lar\u00e0 dos sales interiors en l&#8217;edifici museu (350.000 euros); Benissan\u00f3, que refor\u00e7ar\u00e0 l&#8217;estructura de la seua escoleta (135.000); i Ll\u00edria, que entre les seues propostes inclou la substituci\u00f3 de l&#8217;armadura i la coberta del celler dels Trulls de Daud (200.000).<\/p>\n\n\n\n<p>En l&#8217;\u00e0mbit esportiu tamb\u00e9 trobem obres d&#8217;envergadura, com la coberta de les pistes de futbol i b\u00e0squet que Sant Antoni instal\u00b7lar\u00e0 en el seu poliesportiu (315.000 euros); i les dos pistes de p\u00e0del i el front\u00f3 que G\u00e0tova afegir\u00e0 a l&#8217;oferta del seu complex, que a m\u00e9s urbanitzar\u00e0 els seus accessos (270.000 euros).<\/p>\n\n\n\n<p>Quant a zones verdes, destaca la regeneraci\u00f3 mediambiental de l&#8217;\u00e0rea recreativa Safareig a la Pobla de Vallbona, amb una inversi\u00f3 de 300.000 euros; i la remodelaci\u00f3 integral del parc del carrer Madrid a Serra (125.000 euros). Vilamarxant, per part seua, aposta per l&#8217;asfaltat de camins amb alta freq\u00fc\u00e8ncia de pas com els del Molinet, el Oro, Santa Teresa i la zona Creuetes, amb un pressupost d&#8217;actuaci\u00f3 superior als 400.000 euros.<\/p>\n\n\n\n<p>Sense abandonar la comarca, un altre projecte destacat \u00e9s el sistema de videovigil\u00e0ncia projectat per Riba-roja, que instal\u00b7lar\u00e0 70 c\u00e0meres en els accessos al nucli urb\u00e0 i les urbanitzacions de Montealcedo, Molinet, Santa Rosa, El Clot i Entrenaranjos, amb un cost d&#8217;al voltant de 350.000 euros que cobrir\u00e0 el pla inversor de la Diputaci\u00f3, igual que les actuacions proposades per la Mancomunitat del Camp de T\u00faria per a actualitzar equips inform\u00e0tics, instal\u00b7lar plaques fotovoltaiques i adquirir material per a tasques de formaci\u00f3 i comunicaci\u00f3.<\/p>\n\n\n\n<p><\/p>\n","protected":false},"excerpt":{"rendered":"<div class=\"mh-excerpt\">Els 16 municipis i la mancomunitat de la comarca licitaran i executaran quasi un centenar de projectes subvencionats pel Pla d&#8217;Inversions 2022-23 de la corporaci\u00f3 provincial amb 10,8 milions d\u2019euros Entre les sol\u00b7licituds validades destaquen <a class=\"mh-excerpt-more\" href=\"https:\/\/www.tucomarca.com\/wordpress\/segunda\/ca\/la-diputacio-aprova-91-obres-de-millora-en-espais-i-serveis-publics-del-camp-de-turia\/\" title=\"\u00a0La Diputaci\u00f3 aprova 91 obres de millora en espais i serveis p\u00fablics del Camp de T\u00faria\">[+] <\/a><\/div>\n","protected":false},"author":12,"featured_media":168367,"comment_status":"open","ping_status":"open","sticky":false,"template":"","format":"standard","meta":{"footnotes":""},"categories":[10952,10892,10898,10948,10894,10915,10928,10931,10932,10936,10935,10947,10906,10934,10896],"tags":[10899,11246,17875],"class_list":{"0":"post-168368","1":"post","2":"type-post","3":"status-publish","4":"format-standard","5":"has-post-thumbnail","7":"category-benaguasil-ca","8":"category-camp-de-turia-ca","9":"category-ventana-ca","10":"category-infraestructuras-ca","11":"category-la-comarca-ca","12":"category-la-pobla-ca","13":"category-lliria-ca","14":"category-loriguilla-ca","15":"category-marines-ca","16":"category-naquera-ca","17":"category-olocau-ca","18":"category-politica","19":"category-riba-roja-ca","20":"category-san-antonio-de-benageber-ca","21":"category-seccion-ca","22":"tag-camp-de-turia-ca","23":"tag-diputacio-de-valencia-ca","24":"tag-obras-de-mejora-ca"},"_links":{"self":[{"href":"https:\/\/www.tucomarca.com\/wordpress\/segunda\/ca\/wp-json\/wp\/v2\/posts\/168368","targetHints":{"allow":["GET"]}}],"collection":[{"href":"https:\/\/www.tucomarca.com\/wordpress\/segunda\/ca\/wp-json\/wp\/v2\/posts"}],"about":[{"href":"https:\/\/www.tucomarca.com\/wordpress\/segunda\/ca\/wp-json\/wp\/v2\/types\/post"}],"author":[{"embeddable":true,"href":"https:\/\/www.tucomarca.com\/wordpress\/segunda\/ca\/wp-json\/wp\/v2\/users\/12"}],"replies":[{"embeddable":true,"href":"https:\/\/www.tucomarca.com\/wordpress\/segunda\/ca\/wp-json\/wp\/v2\/comments?post=168368"}],"version-history":[{"count":0,"href":"https:\/\/www.tucomarca.com\/wordpress\/segunda\/ca\/wp-json\/wp\/v2\/posts\/168368\/revisions"}],"wp:featuredmedia":[{"embeddable":true,"href":"https:\/\/www.tucomarca.com\/wordpress\/segunda\/ca\/wp-json\/wp\/v2\/media\/168367"}],"wp:attachment":[{"href":"https:\/\/www.tucomarca.com\/wordpress\/segunda\/ca\/wp-json\/wp\/v2\/media?parent=168368"}],"wp:term":[{"taxonomy":"category","embeddable":true,"href":"https:\/\/www.tucomarca.com\/wordpress\/segunda\/ca\/wp-json\/wp\/v2\/categories?post=168368"},{"taxonomy":"post_tag","embeddable":true,"href":"https:\/\/www.tucomarca.com\/wordpress\/segunda\/ca\/wp-json\/wp\/v2\/tags?post=168368"}],"curies":[{"name":"wp","href":"https:\/\/api.w.org\/{rel}","templated":true}]}}