{"id":168576,"date":"2022-09-27T11:00:00","date_gmt":"2022-09-27T09:00:00","guid":{"rendered":"https:\/\/www.tucomarca.com\/wordpress\/segunda\/?p=168576"},"modified":"2022-09-28T10:43:01","modified_gmt":"2022-09-28T08:43:01","slug":"bunyol-recupera-el-torneig-de-futbol-sala-del-9-doctubre","status":"publish","type":"post","link":"https:\/\/www.tucomarca.com\/wordpress\/segunda\/ca\/bunyol-recupera-el-torneig-de-futbol-sala-del-9-doctubre\/","title":{"rendered":"Bunyol recupera el torneig de futbol sala del 9 d&#8217;Octubre"},"content":{"rendered":"\n<p>Diumenge que ve 9 d&#8217;octubre es recupera a Bunyol el torneig de futbol sala en commemoraci\u00f3 del dia de la Comunitat Valenciana.<\/p>\n\n\n\n<p>Per a inscriure&#8217;s caldr\u00e0 apuntar-se en&nbsp;<em>alcaldia@bunyol.es<\/em>&nbsp;i donar el nom i tel\u00e8fon del responsable de l&#8217;equip i la categoria en la qual s&#8217;inscriu (lliures mascul\u00ed, lliures femen\u00ed, 13-15 anys, 10-12 anys o 7-9 anys), abans del 6 d&#8217;octubre. El 7 d&#8217;octubre es publicar\u00e0 l&#8217;horari dels partits, comen\u00e7ant les trobades a les 9 del mat\u00ed del diumenge, en el poliesportiu de Sant Llu\u00eds. La inscripci\u00f3 \u00e9s gratu\u00efta.<\/p>\n\n\n\n<p>Per a finalitzar la jornada esportiva hi haur\u00e0 una paella gegant per a tots els assistents i s&#8217;anir\u00e0 el lliurament de trofeus als participants.<\/p>\n","protected":false},"excerpt":{"rendered":"<div class=\"mh-excerpt\">Diumenge que ve 9 d&#8217;octubre es recupera a Bunyol el torneig de futbol sala en commemoraci\u00f3 del dia de la Comunitat Valenciana. Per a inscriure&#8217;s caldr\u00e0 apuntar-se en&nbsp;alcaldia@bunyol.es&nbsp;i donar el nom i tel\u00e8fon del responsable <a class=\"mh-excerpt-more\" href=\"https:\/\/www.tucomarca.com\/wordpress\/segunda\/ca\/bunyol-recupera-el-torneig-de-futbol-sala-del-9-doctubre\/\" title=\"Bunyol recupera el torneig de futbol sala del 9 d&#8217;Octubre\">[+] <\/a><\/div>\n","protected":false},"author":12,"featured_media":165416,"comment_status":"open","ping_status":"open","sticky":false,"template":"","format":"standard","meta":{"footnotes":""},"categories":[10911,11003,11012,10894,10912,11009,10896],"tags":[11221,10913,15371,10914],"class_list":{"0":"post-168576","1":"post","2":"type-post","3":"status-publish","4":"format-standard","5":"has-post-thumbnail","7":"category-bunol-ca","8":"category-sports","9":"category-futbol-sala-ca","10":"category-la-comarca-ca","11":"category-la-hoya-ca","12":"category-polideportivo-ca","13":"category-seccion-ca","14":"tag-9-de-octubre-ca","15":"tag-bunol-ca","16":"tag-futbol-sala-bunol-ca","17":"tag-la-hoya-de-bunol-chiva-ca"},"_links":{"self":[{"href":"https:\/\/www.tucomarca.com\/wordpress\/segunda\/ca\/wp-json\/wp\/v2\/posts\/168576","targetHints":{"allow":["GET"]}}],"collection":[{"href":"https:\/\/www.tucomarca.com\/wordpress\/segunda\/ca\/wp-json\/wp\/v2\/posts"}],"about":[{"href":"https:\/\/www.tucomarca.com\/wordpress\/segunda\/ca\/wp-json\/wp\/v2\/types\/post"}],"author":[{"embeddable":true,"href":"https:\/\/www.tucomarca.com\/wordpress\/segunda\/ca\/wp-json\/wp\/v2\/users\/12"}],"replies":[{"embeddable":true,"href":"https:\/\/www.tucomarca.com\/wordpress\/segunda\/ca\/wp-json\/wp\/v2\/comments?post=168576"}],"version-history":[{"count":0,"href":"https:\/\/www.tucomarca.com\/wordpress\/segunda\/ca\/wp-json\/wp\/v2\/posts\/168576\/revisions"}],"wp:featuredmedia":[{"embeddable":true,"href":"https:\/\/www.tucomarca.com\/wordpress\/segunda\/ca\/wp-json\/wp\/v2\/media\/165416"}],"wp:attachment":[{"href":"https:\/\/www.tucomarca.com\/wordpress\/segunda\/ca\/wp-json\/wp\/v2\/media?parent=168576"}],"wp:term":[{"taxonomy":"category","embeddable":true,"href":"https:\/\/www.tucomarca.com\/wordpress\/segunda\/ca\/wp-json\/wp\/v2\/categories?post=168576"},{"taxonomy":"post_tag","embeddable":true,"href":"https:\/\/www.tucomarca.com\/wordpress\/segunda\/ca\/wp-json\/wp\/v2\/tags?post=168576"}],"curies":[{"name":"wp","href":"https:\/\/api.w.org\/{rel}","templated":true}]}}