{"id":168584,"date":"2022-09-27T13:00:00","date_gmt":"2022-09-27T11:00:00","guid":{"rendered":"https:\/\/www.tucomarca.com\/wordpress\/segunda\/?p=168584"},"modified":"2022-09-28T10:52:38","modified_gmt":"2022-09-28T08:52:38","slug":"terra-boval-celebra-el-dia-mundial-del-turisme-realitzant-una-jornada-de-governanca-participativa","status":"publish","type":"post","link":"https:\/\/www.tucomarca.com\/wordpress\/segunda\/ca\/terra-boval-celebra-el-dia-mundial-del-turisme-realitzant-una-jornada-de-governanca-participativa\/","title":{"rendered":"Terra Boval celebra el dia Mundial del Turisme realitzant una Jornada de Governan\u00e7a Participativa"},"content":{"rendered":"\n<h4 class=\"wp-block-heading\">El Ple de la Mancomunitat de l&#8217;Interior Terra del Vi (MITV), l&#8217;Equip de Governan\u00e7a i l&#8217;Entitat de Gesti\u00f3 de la marca de destinaci\u00f3 tur\u00edstica Terra Boval participen en una jornada on es treballa en un nou model de relacions tendent a la consolidaci\u00f3 del dest\u00ed i a la sostenibilitat de tot el territori.<\/h4>\n\n\n\n<p>En Terra Boval es t\u00e9 molt clar que \u201cno \u00e9s possible parlar de turisme sense comptar amb la participaci\u00f3 i el comprom\u00eds, de tots els agents\u201d, no hi ha dest\u00ed si no hi ha col\u00b7laboraci\u00f3. Turisme i sostenibilitat estan units, per a aconseguir-ho \u00e9s necess\u00e0ria la participaci\u00f3, la solidaritat i el comprom\u00eds de tots i aix\u00f2 es diu governan\u00e7a.&nbsp;<\/p>\n\n\n\n<p>La governan\u00e7a \u00e9s i comporta un sistema complex de relacions que permet una ampliaci\u00f3 de la mirada gr\u00e0cies a la integraci\u00f3 de totes les maneres de veure dels diferents p\u00fablics. Una mirada necess\u00e0ria per a optimitzar la presa de decisions estrat\u00e8giques i que aquestes tinguen major impacte en la consecuci\u00f3 de la fi \u00faltima.&nbsp;<\/p>\n\n\n\n<p>En el dia Mundial del Turisme l&#8217;Estructura de Governan\u00e7a de Terra Boval va decidir realitzar una de les Jornades de Treball programades per a enguany, centrada en la Teoria del Valor. En ella es van donar cita els tres pilars sobre els quals recau aquesta estructura, que va n\u00e0ixer de la co-creaci\u00f3:<\/p>\n\n\n\n<p>Un \u00d2rgan Decisori &#8211; Ple de la MITV que integra 9 municipis: Camporrobles, Caudete de las Fuentes, Xera, Fuenterrobles, Requena, Sinarques, Utiel, Venta del Moro i Villargordo del Cabriel.&nbsp;<br>Un \u00d2rgan Consultiu &#8211; Equip de Governan\u00e7a. 12 membres triats a trav\u00e9s d&#8217;una an\u00e0lisi de xarxes basat en la tecnologia NER (Nou Estil de Relacions), 36% Sector p\u00fablic, 45% Sector privat i 19% Ciutadania.<br>Una Entitat de Gesti\u00f3. &#8211; Comissi\u00f3 T\u00e8cnica Interdepartamental.<\/p>\n\n\n\n<p>Aquesta din\u00e0mica de participaci\u00f3, de col\u00b7laboraci\u00f3, d&#8217;innovaci\u00f3 social i de creativitat conjunta naix d&#8217;un prop\u00f2sit com\u00fa compartit de les PERSONES de la Comarca Utiel-Requena en pro de la sostenibilitat del territori i un futur millor per a tots.<\/p>\n\n\n\n<p>La MITV, entitat promotora d&#8217;aquesta iniciativa, des de 2019 est\u00e0 liderant, gr\u00e0cies als Plans de Dinamitzaci\u00f3 i Governan\u00e7a Tur\u00edstica que finan\u00e7a al costat de Turisme CV i Val\u00e8ncia Turisme, una din\u00e0mica de canvi i transformaci\u00f3 socioecon\u00f2mica, basada en el comprom\u00eds i la responsabilitat. Dins d&#8217;aquest marc va n\u00e0ixer i es gestiona la marca de destinaci\u00f3 tur\u00edstica Terra Boval.<\/p>\n\n\n\n<p>La governan\u00e7a hui \u00e9s clau per a respondre a la necessitat de canvi de mentalitat, que supere el canvi de paradigma que estem vivint. \u00c9s un instrument disruptiu, innovador i promotor que precisa de la participaci\u00f3 i involucraci\u00f3 activa i permanent de tots els agents del territori: p\u00fablics, privats i civils. I \u00e9s gr\u00e0cies a la GOVERNAN\u00c7A, entre altres coses, que Terra Boval ha obtingut un Pla de Sostenibilitat Tur\u00edstica en Dest\u00ed finan\u00e7at amb fons Next Generation europeus, sent la MITV l&#8217;\u00fanica entitat supramunicipal que ha aconseguit un d&#8217;aquests plans en la Comunitat Valenciana. En aquest sentit, el mes de juny passat la MITV rebia el premi Governan\u00e7a en la gala de lliurament dels I Premis Comarques d&#8217;Interior del Peri\u00f2dic d&#8217;Ac\u00ed.&nbsp;<\/p>\n\n\n\n<p>Terra Boval \u00e9s la marca de destinaci\u00f3 tur\u00edstica que integra als nou municipis de la MITV: Camporrobles, Caudete de las Fuentes, Xera, Fuenterrobles, Requena, Sinarques, Utiel, Venta del Moro i Villargordo del Cabriel.<\/p>\n\n\n\n<p><\/p>\n","protected":false},"excerpt":{"rendered":"<div class=\"mh-excerpt\">El Ple de la Mancomunitat de l&#8217;Interior Terra del Vi (MITV), l&#8217;Equip de Governan\u00e7a i l&#8217;Entitat de Gesti\u00f3 de la marca de destinaci\u00f3 tur\u00edstica Terra Boval participen en una jornada on es treballa en un <a class=\"mh-excerpt-more\" href=\"https:\/\/www.tucomarca.com\/wordpress\/segunda\/ca\/terra-boval-celebra-el-dia-mundial-del-turisme-realitzant-una-jornada-de-governanca-participativa\/\" title=\"Terra Boval celebra el dia Mundial del Turisme realitzant una Jornada de Governan\u00e7a Participativa\">[+] <\/a><\/div>\n","protected":false},"author":12,"featured_media":168583,"comment_status":"open","ping_status":"open","sticky":false,"template":"","format":"standard","meta":{"footnotes":""},"categories":[10948,10894,10947,10909,10896],"tags":[12387,10910,12388],"class_list":{"0":"post-168584","1":"post","2":"type-post","3":"status-publish","4":"format-standard","5":"has-post-thumbnail","7":"category-infraestructuras-ca","8":"category-la-comarca-ca","9":"category-politica","10":"category-requena-utiel-ca","11":"category-seccion-ca","12":"tag-mancomunidad-del-interior-tierra-del-vino-ca","13":"tag-requena-utiel-ca","14":"tag-tierra-bobal-ca"},"_links":{"self":[{"href":"https:\/\/www.tucomarca.com\/wordpress\/segunda\/ca\/wp-json\/wp\/v2\/posts\/168584","targetHints":{"allow":["GET"]}}],"collection":[{"href":"https:\/\/www.tucomarca.com\/wordpress\/segunda\/ca\/wp-json\/wp\/v2\/posts"}],"about":[{"href":"https:\/\/www.tucomarca.com\/wordpress\/segunda\/ca\/wp-json\/wp\/v2\/types\/post"}],"author":[{"embeddable":true,"href":"https:\/\/www.tucomarca.com\/wordpress\/segunda\/ca\/wp-json\/wp\/v2\/users\/12"}],"replies":[{"embeddable":true,"href":"https:\/\/www.tucomarca.com\/wordpress\/segunda\/ca\/wp-json\/wp\/v2\/comments?post=168584"}],"version-history":[{"count":0,"href":"https:\/\/www.tucomarca.com\/wordpress\/segunda\/ca\/wp-json\/wp\/v2\/posts\/168584\/revisions"}],"wp:featuredmedia":[{"embeddable":true,"href":"https:\/\/www.tucomarca.com\/wordpress\/segunda\/ca\/wp-json\/wp\/v2\/media\/168583"}],"wp:attachment":[{"href":"https:\/\/www.tucomarca.com\/wordpress\/segunda\/ca\/wp-json\/wp\/v2\/media?parent=168584"}],"wp:term":[{"taxonomy":"category","embeddable":true,"href":"https:\/\/www.tucomarca.com\/wordpress\/segunda\/ca\/wp-json\/wp\/v2\/categories?post=168584"},{"taxonomy":"post_tag","embeddable":true,"href":"https:\/\/www.tucomarca.com\/wordpress\/segunda\/ca\/wp-json\/wp\/v2\/tags?post=168584"}],"curies":[{"name":"wp","href":"https:\/\/api.w.org\/{rel}","templated":true}]}}