{"id":168693,"date":"2022-09-27T23:00:00","date_gmt":"2022-09-27T21:00:00","guid":{"rendered":"https:\/\/www.tucomarca.com\/wordpress\/segunda\/?p=168693"},"modified":"2022-09-28T18:46:16","modified_gmt":"2022-09-28T16:46:16","slug":"video-aixi-ha-sigut-lincendi-que-ha-consumit-un-restaurant-de-menjar-rapid-en-el-centre-comercial-bonaire","status":"publish","type":"post","link":"https:\/\/www.tucomarca.com\/wordpress\/segunda\/ca\/video-aixi-ha-sigut-lincendi-que-ha-consumit-un-restaurant-de-menjar-rapid-en-el-centre-comercial-bonaire\/","title":{"rendered":"V\u00eddeo: aix\u00ed ha sigut l&#8217;incendi que ha consumit un restaurant de menjar r\u00e0pid en el centre comercial Bonaire"},"content":{"rendered":"\n<figure class=\"wp-block-embed is-type-video is-provider-youtube wp-block-embed-youtube wp-embed-aspect-16-9 wp-has-aspect-ratio\"><div class=\"wp-block-embed__wrapper\">\n<iframe loading=\"lazy\" title=\"V\u00eddeo: as\u00ed ha sido el incendio que ha consumido un restaurante de comida r\u00e1pida en Bonaire\" width=\"500\" height=\"281\" src=\"https:\/\/www.youtube.com\/embed\/z4wUQpHcaJs?feature=oembed\" frameborder=\"0\" allow=\"accelerometer; autoplay; clipboard-write; encrypted-media; gyroscope; picture-in-picture; web-share\" referrerpolicy=\"strict-origin-when-cross-origin\" allowfullscreen><\/iframe>\n<\/div><\/figure>\n\n\n\n<p>Aix\u00ed ha sigut l&#8217;incendi que ha consumit un restaurant de menjar r\u00e0pid en Bonaire i que ha obligat els bombers a desallotjar el centre comercial.<\/p>\n","protected":false},"excerpt":{"rendered":"<div class=\"mh-excerpt\">Aix\u00ed ha sigut l&#8217;incendi que ha consumit un restaurant de menjar r\u00e0pid en Bonaire i que ha obligat els bombers a desallotjar el centre comercial.<\/div>\n","protected":false},"author":1,"featured_media":168690,"comment_status":"open","ping_status":"open","sticky":false,"template":"","format":"video","meta":{"footnotes":""},"categories":[10892,10898,10948,10894,10904,10896,10897,11062],"tags":[17909,10914,10901],"class_list":{"0":"post-168693","1":"post","2":"type-post","3":"status-publish","4":"format-video","5":"has-post-thumbnail","7":"category-camp-de-turia-ca","8":"category-ventana-ca","9":"category-infraestructuras-ca","10":"category-la-comarca-ca","11":"category-sin-categorizar-ca","12":"category-seccion-ca","13":"category-sucesos-la-comarca-ca","14":"category-videos","15":"tag-aldaia-ca","16":"tag-la-hoya-de-bunol-chiva-ca","17":"tag-sucesos-ca","18":"post_format-post-format-video"},"_links":{"self":[{"href":"https:\/\/www.tucomarca.com\/wordpress\/segunda\/ca\/wp-json\/wp\/v2\/posts\/168693","targetHints":{"allow":["GET"]}}],"collection":[{"href":"https:\/\/www.tucomarca.com\/wordpress\/segunda\/ca\/wp-json\/wp\/v2\/posts"}],"about":[{"href":"https:\/\/www.tucomarca.com\/wordpress\/segunda\/ca\/wp-json\/wp\/v2\/types\/post"}],"author":[{"embeddable":true,"href":"https:\/\/www.tucomarca.com\/wordpress\/segunda\/ca\/wp-json\/wp\/v2\/users\/1"}],"replies":[{"embeddable":true,"href":"https:\/\/www.tucomarca.com\/wordpress\/segunda\/ca\/wp-json\/wp\/v2\/comments?post=168693"}],"version-history":[{"count":0,"href":"https:\/\/www.tucomarca.com\/wordpress\/segunda\/ca\/wp-json\/wp\/v2\/posts\/168693\/revisions"}],"wp:featuredmedia":[{"embeddable":true,"href":"https:\/\/www.tucomarca.com\/wordpress\/segunda\/ca\/wp-json\/wp\/v2\/media\/168690"}],"wp:attachment":[{"href":"https:\/\/www.tucomarca.com\/wordpress\/segunda\/ca\/wp-json\/wp\/v2\/media?parent=168693"}],"wp:term":[{"taxonomy":"category","embeddable":true,"href":"https:\/\/www.tucomarca.com\/wordpress\/segunda\/ca\/wp-json\/wp\/v2\/categories?post=168693"},{"taxonomy":"post_tag","embeddable":true,"href":"https:\/\/www.tucomarca.com\/wordpress\/segunda\/ca\/wp-json\/wp\/v2\/tags?post=168693"}],"curies":[{"name":"wp","href":"https:\/\/api.w.org\/{rel}","templated":true}]}}