{"id":168736,"date":"2022-09-28T17:00:00","date_gmt":"2022-09-28T15:00:00","guid":{"rendered":"https:\/\/www.tucomarca.com\/wordpress\/segunda\/?p=168736"},"modified":"2022-09-28T20:57:45","modified_gmt":"2022-09-28T18:57:45","slug":"lalumnat-dels-quatre-collegis-de-xest-participa-en-la-iniciativa-pequecinema","status":"publish","type":"post","link":"https:\/\/www.tucomarca.com\/wordpress\/segunda\/ca\/lalumnat-dels-quatre-collegis-de-xest-participa-en-la-iniciativa-pequecinema\/","title":{"rendered":"L&#8217;alumnat dels quatre col\u00b7legis de Xest participa en la iniciativa \u201cPequecinema\u201d"},"content":{"rendered":"\n<p>El Teatre Liceu de Xest ha acollit aquest passat dimarts el visionat de diferents curtmetratges per part de l&#8217;alumnat d&#8217;Infantil i Prim\u00e0ria dels centres escolars de la localitat, en el marc de la iniciativa \u201cPequecinema\u201d, impulsada per la regidoria d&#8217;Educaci\u00f3. El primer passe, destinat a xiquets i xiquetes d&#8217;Educaci\u00f3 Infantil, ha estat compost per set curts d&#8217;animaci\u00f3. Mentre que el segon passe, per a estudiants de Prim\u00e0ria, comptava amb cinc curtmetratges m\u00e9s complexos.<br>\u201cEl cinema \u00e9s una manifestaci\u00f3 cultural amb un alt valor educatiu, ja que convida a la reflexi\u00f3 i al pensament. En aquest cas, l&#8217;alumnat dels col\u00b7legis de Xest ha pogut gaudir de curtmetratges que transmetien diferents valors\u201d, ha destacat la regidora, M\u00aa \u00c1ngeles Llorente. \u201cAgra\u00efsc als centres la seua resposta davant aquesta iniciativa de la regidoria d&#8217;Educaci\u00f3 que fa promoci\u00f3 del cinema com a moviment art\u00edstic, expressiu i de promoci\u00f3 de valors i que esperem continuar oferint en pr\u00f2xims cursos escolars\u201d.<br>En les set peces per a p\u00fablic d&#8217;Educaci\u00f3 Infantil, els alumnes i les alumnes van con\u00e9ixer les hist\u00f2ries d&#8217;Otto, un ornitorrinc oficinista; Crab, un cranc que sempre est\u00e0 pessigant; Vola, un ocell ferit que no pot volar; Octopus, un polp cuiner al qual un dels seus bra\u00e7os li traeixen; Anglerfish, un xicotet peix amb por a la foscor; Agapito, un mosquit que no vol picar, sin\u00f3 ser m\u00fasic; i Leo creixent, on una mosca solit\u00e0ria troba companyia en un vell professor.<br>L&#8217;alumnat de Prim\u00e0ria, per part seua, va gaudir del gran Corelli, que conta la hist\u00f2ria d&#8217;un mag; Blank paper, on un concurs de pintura dona l&#8217;oportunitat a Fleur de ser artista; Mobile, en la qual un m\u00f2bil separa a una vaca dels seus amics; Flavor, on la protagonista es llisca per un m\u00f3n de monstres i morts; i Roberto, un curtmetratge sobre l&#8217;amor i com cada persona es veu a si mateixa.<br>\u201cM&#8217;ha agradat molt l&#8217;activitat perqu\u00e8 he apr\u00e9s coses que no sabia, com el problema de l&#8217;anor\u00e8xia per falta d&#8217;autoestima. Tamb\u00e9 he apr\u00e9s que, encara que no guanyes un premi per un dibuix, l&#8217;important i el premi m\u00e9s gran \u00e9s l&#8217;afecte de les persones que et volen i confien en tu. Tots els curts han sigut molt bonics i he gaudit molt\u201d, comentava Hiba El Boujadi, alumna de 6\u00e9 de Prim\u00e0ria del CEIP Vicente Blasco Ib\u00e1\u00f1ez.<br>\u201cHa sigut una activitat nova, que no sab\u00edem b\u00e9 com s&#8217;anava a enfocar. Els dibuixos i l&#8217;animaci\u00f3 han sigut molt divertits i als xiquets i xiquetes els ha agradat; encara que els ha costat entendre com funciona un curt perqu\u00e8, quan acabava una pe\u00e7a, alguns pensaven que ja s&#8217;anaven\u201d, explicava Laura Oltra Noguera, mestra del CEIP Vicente Blasco Ib\u00e1\u00f1ez. \u201cAlguns curts eren complicats per a alguns cursos i, encara que els feien gr\u00e0cia, no els acabaven d&#8217;entendre, aqueixa seria una millora per a l&#8217;any que ve, perqu\u00e8 la iniciativa ens ha agradat\u201d, conclo\u00efa Oltra.<\/p>\n\n\n\n<p><\/p>\n","protected":false},"excerpt":{"rendered":"<div class=\"mh-excerpt\">El Teatre Liceu de Xest ha acollit aquest passat dimarts el visionat de diferents curtmetratges per part de l&#8217;alumnat d&#8217;Infantil i Prim\u00e0ria dels centres escolars de la localitat, en el marc de la iniciativa \u201cPequecinema\u201d, <a class=\"mh-excerpt-more\" href=\"https:\/\/www.tucomarca.com\/wordpress\/segunda\/ca\/lalumnat-dels-quatre-collegis-de-xest-participa-en-la-iniciativa-pequecinema\/\" title=\"L&#8217;alumnat dels quatre col\u00b7legis de Xest participa en la iniciativa \u201cPequecinema\u201d\">[+] <\/a><\/div>\n","protected":false},"author":12,"featured_media":168733,"comment_status":"open","ping_status":"open","sticky":false,"template":"","format":"standard","meta":{"footnotes":""},"categories":[10911,10894,10912,11007,10896],"tags":[11071,12114,10914,17916],"class_list":{"0":"post-168736","1":"post","2":"type-post","3":"status-publish","4":"format-standard","5":"has-post-thumbnail","7":"category-bunol-ca","8":"category-la-comarca-ca","9":"category-la-hoya-ca","10":"category-ocio-y-cultura-ca","11":"category-seccion-ca","12":"tag-cheste","13":"tag-educacion-ca","14":"tag-la-hoya-de-bunol-chiva-ca","15":"tag-pequecinema-ca"},"_links":{"self":[{"href":"https:\/\/www.tucomarca.com\/wordpress\/segunda\/ca\/wp-json\/wp\/v2\/posts\/168736","targetHints":{"allow":["GET"]}}],"collection":[{"href":"https:\/\/www.tucomarca.com\/wordpress\/segunda\/ca\/wp-json\/wp\/v2\/posts"}],"about":[{"href":"https:\/\/www.tucomarca.com\/wordpress\/segunda\/ca\/wp-json\/wp\/v2\/types\/post"}],"author":[{"embeddable":true,"href":"https:\/\/www.tucomarca.com\/wordpress\/segunda\/ca\/wp-json\/wp\/v2\/users\/12"}],"replies":[{"embeddable":true,"href":"https:\/\/www.tucomarca.com\/wordpress\/segunda\/ca\/wp-json\/wp\/v2\/comments?post=168736"}],"version-history":[{"count":0,"href":"https:\/\/www.tucomarca.com\/wordpress\/segunda\/ca\/wp-json\/wp\/v2\/posts\/168736\/revisions"}],"wp:featuredmedia":[{"embeddable":true,"href":"https:\/\/www.tucomarca.com\/wordpress\/segunda\/ca\/wp-json\/wp\/v2\/media\/168733"}],"wp:attachment":[{"href":"https:\/\/www.tucomarca.com\/wordpress\/segunda\/ca\/wp-json\/wp\/v2\/media?parent=168736"}],"wp:term":[{"taxonomy":"category","embeddable":true,"href":"https:\/\/www.tucomarca.com\/wordpress\/segunda\/ca\/wp-json\/wp\/v2\/categories?post=168736"},{"taxonomy":"post_tag","embeddable":true,"href":"https:\/\/www.tucomarca.com\/wordpress\/segunda\/ca\/wp-json\/wp\/v2\/tags?post=168736"}],"curies":[{"name":"wp","href":"https:\/\/api.w.org\/{rel}","templated":true}]}}