{"id":168818,"date":"2022-09-29T14:00:00","date_gmt":"2022-09-29T12:00:00","guid":{"rendered":"https:\/\/www.tucomarca.com\/wordpress\/segunda\/?p=168818"},"modified":"2022-09-29T21:18:53","modified_gmt":"2022-09-29T19:18:53","slug":"noves-actuacions-per-a-palliar-les-inundacions-ocasionades-per-les-pluges-en-el-nucli-urba-de-xest","status":"publish","type":"post","link":"https:\/\/www.tucomarca.com\/wordpress\/segunda\/ca\/noves-actuacions-per-a-palliar-les-inundacions-ocasionades-per-les-pluges-en-el-nucli-urba-de-xest\/","title":{"rendered":"Noves actuacions per a pal\u00b7liar les inundacions ocasionades per les pluges en el nucli urb\u00e0 de Xest"},"content":{"rendered":"\n<p>L&#8217;Ajuntament ha adjudicat un nou paquet d&#8217;obres per a pal\u00b7liar les inundacions ocasionades per les pluges en la zona sud-est del nucli urb\u00e0, en l&#8217;avinguda Castella i carrers adjacents.&nbsp;<\/p>\n\n\n\n<p>\u201cL&#8217;objectiu \u00e9s evitar danys en habitatges, baixos comercials i aparcaments, aix\u00ed com problemes de tr\u00e0nsit i altres perills per a la poblaci\u00f3 derivats de les inundacions\u201d, apunta l&#8217;alcalde, Jos\u00e9 Morell.<\/p>\n\n\n\n<p>Les obres comen\u00e7aran pr\u00f2ximament i es prolongaran durant aproximadament 2 mesos i mig. Concretament, les intervencions estan enfocades en la millora de la recollida d&#8217;aig\u00fces d&#8217;escolament i en l&#8217;ampliaci\u00f3 la xarxa de pluvials i s&#8217;efectuaran, en primer lloc, en el passeig Anselmo Balaguer i en la pla\u00e7a 11 de Mar\u00e7; i despr\u00e9s, en el tram final de l&#8217;avinguda Castella, en l&#8217;encreuament amb carrer Ribera. L&#8217;Ajuntament informar\u00e0 la ciutadania dels possibles talls de tr\u00e0nsit derivats d&#8217;aquestes obres a trav\u00e9s de les xarxes socials municipals.<\/p>\n\n\n\n<p>Aquestes actuacions compten amb una inversi\u00f3 de 88.150, 27 euros, IVA incl\u00f2s. D&#8217;aqueix import, un 31,93% \u00e9s finan\u00e7at per l&#8217;Ajuntament i la resta \u00e9s assumida per la Generalitat Valenciana.<\/p>\n\n\n\n<p><\/p>\n","protected":false},"excerpt":{"rendered":"<div class=\"mh-excerpt\">L&#8217;Ajuntament ha adjudicat un nou paquet d&#8217;obres per a pal\u00b7liar les inundacions ocasionades per les pluges en la zona sud-est del nucli urb\u00e0, en l&#8217;avinguda Castella i carrers adjacents.&nbsp; \u201cL&#8217;objectiu \u00e9s evitar danys en habitatges, <a class=\"mh-excerpt-more\" href=\"https:\/\/www.tucomarca.com\/wordpress\/segunda\/ca\/noves-actuacions-per-a-palliar-les-inundacions-ocasionades-per-les-pluges-en-el-nucli-urba-de-xest\/\" title=\"Noves actuacions per a pal\u00b7liar les inundacions ocasionades per les pluges en el nucli urb\u00e0 de Xest\">[+] <\/a><\/div>\n","protected":false},"author":12,"featured_media":168813,"comment_status":"open","ping_status":"open","sticky":false,"template":"","format":"standard","meta":{"footnotes":""},"categories":[10948,10894,10912,10903,10947,10896,10974],"tags":[11071,15500,10914,12859],"class_list":{"0":"post-168818","1":"post","2":"type-post","3":"status-publish","4":"format-standard","5":"has-post-thumbnail","7":"category-infraestructuras-ca","8":"category-la-comarca-ca","9":"category-la-hoya-ca","10":"category-medio-ambiente-la-comarca-ca","11":"category-politica","12":"category-seccion-ca","13":"category-cheste-ca","14":"tag-cheste","15":"tag-inundaciones-ca","16":"tag-la-hoya-de-bunol-chiva-ca","17":"tag-obras-ca"},"_links":{"self":[{"href":"https:\/\/www.tucomarca.com\/wordpress\/segunda\/ca\/wp-json\/wp\/v2\/posts\/168818","targetHints":{"allow":["GET"]}}],"collection":[{"href":"https:\/\/www.tucomarca.com\/wordpress\/segunda\/ca\/wp-json\/wp\/v2\/posts"}],"about":[{"href":"https:\/\/www.tucomarca.com\/wordpress\/segunda\/ca\/wp-json\/wp\/v2\/types\/post"}],"author":[{"embeddable":true,"href":"https:\/\/www.tucomarca.com\/wordpress\/segunda\/ca\/wp-json\/wp\/v2\/users\/12"}],"replies":[{"embeddable":true,"href":"https:\/\/www.tucomarca.com\/wordpress\/segunda\/ca\/wp-json\/wp\/v2\/comments?post=168818"}],"version-history":[{"count":0,"href":"https:\/\/www.tucomarca.com\/wordpress\/segunda\/ca\/wp-json\/wp\/v2\/posts\/168818\/revisions"}],"wp:featuredmedia":[{"embeddable":true,"href":"https:\/\/www.tucomarca.com\/wordpress\/segunda\/ca\/wp-json\/wp\/v2\/media\/168813"}],"wp:attachment":[{"href":"https:\/\/www.tucomarca.com\/wordpress\/segunda\/ca\/wp-json\/wp\/v2\/media?parent=168818"}],"wp:term":[{"taxonomy":"category","embeddable":true,"href":"https:\/\/www.tucomarca.com\/wordpress\/segunda\/ca\/wp-json\/wp\/v2\/categories?post=168818"},{"taxonomy":"post_tag","embeddable":true,"href":"https:\/\/www.tucomarca.com\/wordpress\/segunda\/ca\/wp-json\/wp\/v2\/tags?post=168818"}],"curies":[{"name":"wp","href":"https:\/\/api.w.org\/{rel}","templated":true}]}}