{"id":168833,"date":"2022-09-30T09:00:00","date_gmt":"2022-09-30T07:00:00","guid":{"rendered":"https:\/\/www.tucomarca.com\/wordpress\/segunda\/?p=168833"},"modified":"2022-09-30T10:50:15","modified_gmt":"2022-09-30T08:50:15","slug":"el-circuit-celebra-per-primera-vegada-una-prova-de-la-lamera-cup","status":"publish","type":"post","link":"https:\/\/www.tucomarca.com\/wordpress\/segunda\/ca\/el-circuit-celebra-per-primera-vegada-una-prova-de-la-lamera-cup\/","title":{"rendered":"El Circuit de Xest celebra per primera vegada una prova de la Lamera Cup"},"content":{"rendered":"\n<p><strong>El campionat franc\u00e9s de carreres de resist\u00e8ncia sobre GT arriba per primera vegada al Circuit Ricardo Tormo aquest cap de setmana<\/strong><\/p>\n\n\n\n<p><strong>12 hores d\u2019acci\u00f3 en dues carreres que se celebraran la vesprada de dissabte i el mat\u00ed de diumenge<\/strong><\/p>\n\n\n\n<p>El Circuit Ricardo Tormo celebra aquest cap de setmana 1 i 2 d\u2019octubre la pen\u00faltima cita de la Lamera Cup, un campionat franc\u00e9s de resist\u00e8ncia que celebra la sisena i pen\u00faltima cita del seu calendari per primera vegada a Val\u00e8ncia.<\/p>\n\n\n\n<p>Uns trenta cotxes monomarca es veuran les cares en dues carreres de llarga duraci\u00f3 sobre l\u2019asfalt de Cheste. La primera tindr\u00e0 lloc dissabte a partir de les 15 hores i tindr\u00e0 una duraci\u00f3 de cinc hores. Els participants veuran caure la bandera a quadres a poqueta nit.<\/p>\n\n\n\n<p>Diumenge se celebrar\u00e0 a partir de les 9.30 hores la carrera llarga, la de set hores de duraci\u00f3 amb final a les 16.30 hores.<\/p>\n\n\n\n<p>Els Lamera s\u00f3n vehicles bipla\u00e7a constru\u00efts sobre un xass\u00eds tubular amb un pes m\u00ednim de 970 quilograms i un motor turbo de 5 cilindres en l\u00ednia i 2.500 cent\u00edmetres c\u00fabics capa\u00e7os de desenvolupar 320 CV. Tots els cotxes s\u00f3n iguals, la qual cosa garanteix la m\u00e0xima compet\u00e8ncia entre els diferents equips compostos per entre tres i sis pilots dividits en les categories Elite, Pro AM i Gentlemen en funci\u00f3 de la seua experi\u00e8ncia al volant.<\/p>\n\n\n\n<p>Durant tot el cap de setmana els aficionats tindran l\u2019oportunitat d\u2019assistir als entrenaments i les carreres de manera gratu\u00efta. Tots ells podran veure la competici\u00f3 des de la tribuna de boxs i podran passejar pel &nbsp;p\u00e0doc per a veure de prop el treball de pilots i equips.&nbsp;<\/p>\n\n\n\n<h3 class=\"wp-block-heading\">&nbsp;<\/h3>\n","protected":false},"excerpt":{"rendered":"<div class=\"mh-excerpt\">El campionat franc\u00e9s de carreres de resist\u00e8ncia sobre GT arriba per primera vegada al Circuit Ricardo Tormo aquest cap de setmana 12 hores d\u2019acci\u00f3 en dues carreres que se celebraran la vesprada de dissabte i <a class=\"mh-excerpt-more\" href=\"https:\/\/www.tucomarca.com\/wordpress\/segunda\/ca\/el-circuit-celebra-per-primera-vegada-una-prova-de-la-lamera-cup\/\" title=\"El Circuit de Xest celebra per primera vegada una prova de la Lamera Cup\">[+] <\/a><\/div>\n","protected":false},"author":12,"featured_media":168831,"comment_status":"open","ping_status":"open","sticky":false,"template":"","format":"standard","meta":{"footnotes":""},"categories":[11017,11003,10898,10948,10894,10912,10896,10974],"tags":[11071,11348,10914],"class_list":{"0":"post-168833","1":"post","2":"type-post","3":"status-publish","4":"format-standard","5":"has-post-thumbnail","7":"category-automovilismo-ca","8":"category-sports","9":"category-ventana-ca","10":"category-infraestructuras-ca","11":"category-la-comarca-ca","12":"category-la-hoya-ca","13":"category-seccion-ca","14":"category-cheste-ca","15":"tag-cheste","16":"tag-circuito-de-cheste-ca","17":"tag-la-hoya-de-bunol-chiva-ca"},"_links":{"self":[{"href":"https:\/\/www.tucomarca.com\/wordpress\/segunda\/ca\/wp-json\/wp\/v2\/posts\/168833","targetHints":{"allow":["GET"]}}],"collection":[{"href":"https:\/\/www.tucomarca.com\/wordpress\/segunda\/ca\/wp-json\/wp\/v2\/posts"}],"about":[{"href":"https:\/\/www.tucomarca.com\/wordpress\/segunda\/ca\/wp-json\/wp\/v2\/types\/post"}],"author":[{"embeddable":true,"href":"https:\/\/www.tucomarca.com\/wordpress\/segunda\/ca\/wp-json\/wp\/v2\/users\/12"}],"replies":[{"embeddable":true,"href":"https:\/\/www.tucomarca.com\/wordpress\/segunda\/ca\/wp-json\/wp\/v2\/comments?post=168833"}],"version-history":[{"count":0,"href":"https:\/\/www.tucomarca.com\/wordpress\/segunda\/ca\/wp-json\/wp\/v2\/posts\/168833\/revisions"}],"wp:featuredmedia":[{"embeddable":true,"href":"https:\/\/www.tucomarca.com\/wordpress\/segunda\/ca\/wp-json\/wp\/v2\/media\/168831"}],"wp:attachment":[{"href":"https:\/\/www.tucomarca.com\/wordpress\/segunda\/ca\/wp-json\/wp\/v2\/media?parent=168833"}],"wp:term":[{"taxonomy":"category","embeddable":true,"href":"https:\/\/www.tucomarca.com\/wordpress\/segunda\/ca\/wp-json\/wp\/v2\/categories?post=168833"},{"taxonomy":"post_tag","embeddable":true,"href":"https:\/\/www.tucomarca.com\/wordpress\/segunda\/ca\/wp-json\/wp\/v2\/tags?post=168833"}],"curies":[{"name":"wp","href":"https:\/\/api.w.org\/{rel}","templated":true}]}}