{"id":168839,"date":"2022-09-29T14:06:00","date_gmt":"2022-09-29T12:06:00","guid":{"rendered":"https:\/\/www.tucomarca.com\/wordpress\/segunda\/?p=168839"},"modified":"2022-09-30T10:54:46","modified_gmt":"2022-09-30T08:54:46","slug":"toris-celebra-la-festa-de-sant-francesc-de-borja-que-donara-fi-a-lany-jubilar","status":"publish","type":"post","link":"https:\/\/www.tucomarca.com\/wordpress\/segunda\/ca\/toris-celebra-la-festa-de-sant-francesc-de-borja-que-donara-fi-a-lany-jubilar\/","title":{"rendered":"Tur\u00eds celebra la festa de sant Francesc de Borja que donar\u00e0 fi a l&#8217;Any Jubilar"},"content":{"rendered":"\n<p><strong>S&#8217;han preparat activitats de tota mena i per a totes les edats, en el centre de les quals estan les celebracions religioses.<\/strong><\/p>\n\n\n\n<p>Diumenge que ve 2 d&#8217;octubre la localitat de Tur\u00eds celebra la festa de sant Francesc de Borja, a les 12h tindr\u00e0 lloc la missa solemne que donar\u00e0 fi a l&#8217;Any Jubilar, i a la vesprada a les 20h tindr\u00e0 lloc la process\u00f3, en la qual es tancar\u00e0 la Porta Santa.\u00a0<\/p>\n\n\n\n<p>Durant cinc dies la poblaci\u00f3 s&#8217;ha vingut preparant amb diverses celebracions. La festa arranque dissabte passat 24 de setembre amb la imposici\u00f3 de medalles als clavaris d&#8217;aquest any 2022. Ja el dilluns 26 va comen\u00e7ar el quinari en honor a sant Francesc de Borja que continuar\u00e0 fins al divendres 30 de setembre. Durant aquests dies la imatge tamb\u00e9 ha sigut portada pels clavaris de sant Francesc de Borja a diversos llocs de la localitat, entre ells al carrer que porta el nom del sant, sant Francesc de Borja, o a la zona coneguda com la \u201cpuxarra\u201d o el \u201cp\u00ed gros\u201d, aix\u00ed com una altra zona coneguda com la \u201cglorieta\u201d.&nbsp;<\/p>\n\n\n\n<p>El divendres 30 de setembre arranquen els festejos del cap de setmana. Els clavaris han organitzat el tradicional concurs de jaranga, plat t\u00edpic de la localitat turisana, i ja el dissabte hi ha una infinitat d&#8217;activitats tant per a xiquets, com a adults i joves, celebrant-se a les 19h les vespres en honor al Sant Bar\u00f3 de Tor\u00eds. Totes aquestes celebracions han sigut gr\u00e0cies a la voluntat dels clavaris de l&#8217;any 2022, un grup de joves que ha rom\u00e0s esperant poder realitzar les festes a causa del covid, i que com recompensa han tingut el gran regal de poder fer-ho en un Any Jubilar.&nbsp;<\/p>\n\n\n\n<p>El diumenge 2 d&#8217;octubre es viur\u00e0 la jornada de clausura de l&#8217;Any Jubilar i la festa gran del patr\u00f3 de la localitat. El balan\u00e7 que fa la Parr\u00f2quia d&#8217;aquest any Sant \u00e9s m\u00e9s que satisfactori. Recordem que el Papa Francesc a petici\u00f3 de l&#8217;Arquebisbe de Val\u00e8ncia, el Cardenal Antonio Ca\u00f1izares Llovera, va concedir un Any Jubilar a l&#8217;arxidi\u00f2cesi valentina, i que la parr\u00f2quia de Tor\u00eds, entre altres, va ser declarada temple jubilar. Aix\u00f2 es deu al fet que en aquest any s&#8217;han celebrat 350 anys de la canonitzaci\u00f3 i 450 de la mort de sant Francesc de Borja. La Parr\u00f2quia turisana durant aquest any ha celebrat diverses activitats, entre elles les m\u00e9s destacades han sigut les confer\u00e8ncies realitzades, o les eixides que ha realitzat la imatge a diversos punts de la localitat. No obstant aix\u00f2, el signe visible que romandr\u00e0 per sempre \u00e9s l&#8217;obtenci\u00f3 d&#8217;una rel\u00edquia de primer grau, el tros d&#8217;un os del Sant Borja, i que va ser donada a la Parr\u00f2quia per un ve\u00ed de Picassent fill de Tor\u00eds.<\/p>\n","protected":false},"excerpt":{"rendered":"<div class=\"mh-excerpt\">S&#8217;han preparat activitats de tota mena i per a totes les edats, en el centre de les quals estan les celebracions religioses. Diumenge que ve 2 d&#8217;octubre la localitat de Tur\u00eds celebra la festa de <a class=\"mh-excerpt-more\" href=\"https:\/\/www.tucomarca.com\/wordpress\/segunda\/ca\/toris-celebra-la-festa-de-sant-francesc-de-borja-que-donara-fi-a-lany-jubilar\/\" title=\"Tur\u00eds celebra la festa de sant Francesc de Borja que donar\u00e0 fi a l&#8217;Any Jubilar\">[+] <\/a><\/div>\n","protected":false},"author":12,"featured_media":168837,"comment_status":"open","ping_status":"open","sticky":false,"template":"","format":"standard","meta":{"footnotes":""},"categories":[10902,11004,11007,11008,10896,11047],"tags":[14071,11077,11093],"class_list":{"0":"post-168839","1":"post","2":"type-post","3":"status-publish","4":"format-standard","5":"has-post-thumbnail","7":"category-la-ribera-ca","8":"category-la-semana-en-imagenes-ca","9":"category-ocio-y-cultura-ca","10":"category-pueblos-en-fiestas-ca","11":"category-seccion-ca","12":"category-turis-ca","13":"tag-fiestas-patronales-ca","14":"tag-la-ribera-alta-ca","15":"tag-turis-ca"},"_links":{"self":[{"href":"https:\/\/www.tucomarca.com\/wordpress\/segunda\/ca\/wp-json\/wp\/v2\/posts\/168839","targetHints":{"allow":["GET"]}}],"collection":[{"href":"https:\/\/www.tucomarca.com\/wordpress\/segunda\/ca\/wp-json\/wp\/v2\/posts"}],"about":[{"href":"https:\/\/www.tucomarca.com\/wordpress\/segunda\/ca\/wp-json\/wp\/v2\/types\/post"}],"author":[{"embeddable":true,"href":"https:\/\/www.tucomarca.com\/wordpress\/segunda\/ca\/wp-json\/wp\/v2\/users\/12"}],"replies":[{"embeddable":true,"href":"https:\/\/www.tucomarca.com\/wordpress\/segunda\/ca\/wp-json\/wp\/v2\/comments?post=168839"}],"version-history":[{"count":0,"href":"https:\/\/www.tucomarca.com\/wordpress\/segunda\/ca\/wp-json\/wp\/v2\/posts\/168839\/revisions"}],"wp:featuredmedia":[{"embeddable":true,"href":"https:\/\/www.tucomarca.com\/wordpress\/segunda\/ca\/wp-json\/wp\/v2\/media\/168837"}],"wp:attachment":[{"href":"https:\/\/www.tucomarca.com\/wordpress\/segunda\/ca\/wp-json\/wp\/v2\/media?parent=168839"}],"wp:term":[{"taxonomy":"category","embeddable":true,"href":"https:\/\/www.tucomarca.com\/wordpress\/segunda\/ca\/wp-json\/wp\/v2\/categories?post=168839"},{"taxonomy":"post_tag","embeddable":true,"href":"https:\/\/www.tucomarca.com\/wordpress\/segunda\/ca\/wp-json\/wp\/v2\/tags?post=168839"}],"curies":[{"name":"wp","href":"https:\/\/api.w.org\/{rel}","templated":true}]}}