{"id":168843,"date":"2022-09-30T09:15:00","date_gmt":"2022-09-30T07:15:00","guid":{"rendered":"https:\/\/www.tucomarca.com\/wordpress\/segunda\/?p=168843"},"modified":"2022-09-30T10:53:23","modified_gmt":"2022-09-30T08:53:23","slug":"lajuntament-inicia-el-pagament-de-150-000-euros-en-ajudes-als-negocis-de-xest","status":"publish","type":"post","link":"https:\/\/www.tucomarca.com\/wordpress\/segunda\/ca\/lajuntament-inicia-el-pagament-de-150-000-euros-en-ajudes-als-negocis-de-xest\/","title":{"rendered":"L&#8217;Ajuntament inicia el pagament de 150.000 euros en ajudes als negocis de Xest"},"content":{"rendered":"\n<p>Ja s&#8217;ha iniciat el pagament a les persones benefici\u00e0ries de les ajudes a aut\u00f2noms i aut\u00f2nomes de la localitat emmarcades en el Pla Impulsa, un programa municipal de suport als negocis locals les bases dels quals es van publicar el mes de desembre passat. La partida destinada a aquest Pla \u00e9s de 300.000 euros, per\u00f2 en aquesta primera fase s&#8217;abonaran 150.000 euros, quedant arracada la resta de l&#8217;import per a un nou repartiment entre les persones benefici\u00e0ries. Concretament cada sol\u00b7licitud aprovada rebr\u00e0 1.500 euros.<\/p>\n\n\n\n<p>Com a requisit per a optar a aquestes ajudes, les persones aut\u00f2nomes o pimes que es van presentar a la convocat\u00f2ria havien de tindre un m\u00e0xim de 10 treballadors\/as al seu c\u00e0rrec i desenvolupar algunes de les activitats estipulades en les bases.<\/p>\n\n\n\n<p>\u201cAquesta nova tanda d&#8217;ajudes s\u00f3n una continuaci\u00f3 de les ajudes que es van traure en 2020 a proposta de la regidoria d&#8217;Ocupaci\u00f3 i que ja es van repartir. Despr\u00e9s vaig presentar a Ple m\u00e9s suport econ\u00f2mic per als aut\u00f2noms de Xest i es va materialitzar aquesta convocat\u00f2ria del pla Impulsa, dotat de 300.000 euros\u201d, explica el regidor d&#8217;Ocupaci\u00f3, Jos\u00e9 Vicente Guijarro. \u201cCom a regidor d&#8217;Ocupaci\u00f3 he defensat la necessitat de continuar col\u00b7laborant amb les empreses locals en aquesta situaci\u00f3 de crisi. L&#8217;esfor\u00e7 que est\u00e0 fent l&#8217;Ajuntament per a oferir ajudes est\u00e0 sent abismal; hem aconseguit intentar pal\u00b7liar els mesos tan terribles que es van viure durant el confinament a nivell econ\u00f2mic i tamb\u00e9, dins de les limitacions pressupost\u00e0ries a nivell municipal, que les ajudes vagen arribant. D&#8217;altra banda, s&#8217;han destinat 250.000 euros per a contractaci\u00f3 temporal, de manera que hem anat suplint la falta de personal amb aquestes contractacions a persones desocupades\u201d.<\/p>\n\n\n\n<p>\u201cJa freguem el mili\u00f3 d&#8217;euros en ajudes municipals destinades als negocis locals, el Pla Impulsa \u00e9s la cinquena tanda de subvencions que hem posat en marxa des de l&#8217;Ajuntament\u201d, ha apuntat l&#8217;alcalde, Jos\u00e9 Morell. \u201cAquest pla es va idear per a fer costat a les petites empreses de Xest davant les conseq\u00fc\u00e8ncies negatives de la pand\u00e8mia, per\u00f2 donada la situaci\u00f3 actual de crisi pensem que continuen sent igual de necess\u00e0ries\u201d.<\/p>\n\n\n\n<p>La resoluci\u00f3 de la convocat\u00f2ria va ser publicada el passat 15 de setembre en el tauler d&#8217;anuncis de la seu electr\u00f2nica de l&#8217;Ajuntament i tamb\u00e9 es pot consultar en la web municipal, al costat de les bases.<\/p>\n","protected":false},"excerpt":{"rendered":"<div class=\"mh-excerpt\">Ja s&#8217;ha iniciat el pagament a les persones benefici\u00e0ries de les ajudes a aut\u00f2noms i aut\u00f2nomes de la localitat emmarcades en el Pla Impulsa, un programa municipal de suport als negocis locals les bases dels <a class=\"mh-excerpt-more\" href=\"https:\/\/www.tucomarca.com\/wordpress\/segunda\/ca\/lajuntament-inicia-el-pagament-de-150-000-euros-en-ajudes-als-negocis-de-xest\/\" title=\"L&#8217;Ajuntament inicia el pagament de 150.000 euros en ajudes als negocis de Xest\">[+] <\/a><\/div>\n","protected":false},"author":12,"featured_media":80939,"comment_status":"open","ping_status":"open","sticky":false,"template":"","format":"standard","meta":{"footnotes":""},"categories":[10948,10894,10912,10947,10896,10974],"tags":[11071,12903,10914],"class_list":{"0":"post-168843","1":"post","2":"type-post","3":"status-publish","4":"format-standard","5":"has-post-thumbnail","7":"category-infraestructuras-ca","8":"category-la-comarca-ca","9":"category-la-hoya-ca","10":"category-politica","11":"category-seccion-ca","12":"category-cheste-ca","13":"tag-cheste","14":"tag-infraestructuras-ca","15":"tag-la-hoya-de-bunol-chiva-ca"},"_links":{"self":[{"href":"https:\/\/www.tucomarca.com\/wordpress\/segunda\/ca\/wp-json\/wp\/v2\/posts\/168843","targetHints":{"allow":["GET"]}}],"collection":[{"href":"https:\/\/www.tucomarca.com\/wordpress\/segunda\/ca\/wp-json\/wp\/v2\/posts"}],"about":[{"href":"https:\/\/www.tucomarca.com\/wordpress\/segunda\/ca\/wp-json\/wp\/v2\/types\/post"}],"author":[{"embeddable":true,"href":"https:\/\/www.tucomarca.com\/wordpress\/segunda\/ca\/wp-json\/wp\/v2\/users\/12"}],"replies":[{"embeddable":true,"href":"https:\/\/www.tucomarca.com\/wordpress\/segunda\/ca\/wp-json\/wp\/v2\/comments?post=168843"}],"version-history":[{"count":0,"href":"https:\/\/www.tucomarca.com\/wordpress\/segunda\/ca\/wp-json\/wp\/v2\/posts\/168843\/revisions"}],"wp:featuredmedia":[{"embeddable":true,"href":"https:\/\/www.tucomarca.com\/wordpress\/segunda\/ca\/wp-json\/wp\/v2\/media\/80939"}],"wp:attachment":[{"href":"https:\/\/www.tucomarca.com\/wordpress\/segunda\/ca\/wp-json\/wp\/v2\/media?parent=168843"}],"wp:term":[{"taxonomy":"category","embeddable":true,"href":"https:\/\/www.tucomarca.com\/wordpress\/segunda\/ca\/wp-json\/wp\/v2\/categories?post=168843"},{"taxonomy":"post_tag","embeddable":true,"href":"https:\/\/www.tucomarca.com\/wordpress\/segunda\/ca\/wp-json\/wp\/v2\/tags?post=168843"}],"curies":[{"name":"wp","href":"https:\/\/api.w.org\/{rel}","templated":true}]}}