{"id":168922,"date":"2022-09-30T14:30:00","date_gmt":"2022-09-30T12:30:00","guid":{"rendered":"https:\/\/www.tucomarca.com\/wordpress\/segunda\/?p=168922"},"modified":"2022-09-30T18:25:20","modified_gmt":"2022-09-30T16:25:20","slug":"graffitea-xest-rep-la-visita-del-diputat-de-larea-de-cultura-xavier-rius","status":"publish","type":"post","link":"https:\/\/www.tucomarca.com\/wordpress\/segunda\/ca\/graffitea-xest-rep-la-visita-del-diputat-de-larea-de-cultura-xavier-rius\/","title":{"rendered":"Graffitea Xest rep la visita del diputat de l&#8217;\u00e0rea de Cultura, Xavier Rius&nbsp;"},"content":{"rendered":"\n<figure class=\"wp-block-gallery has-nested-images columns-default is-cropped wp-block-gallery-1 is-layout-flex wp-block-gallery-is-layout-flex\">\n<figure class=\"wp-block-image size-large\"><img loading=\"lazy\" decoding=\"async\" width=\"886\" height=\"591\" data-id=\"168917\" src=\"http:\/\/www.tucomarca.com\/wordpress\/segunda\/wp-content\/uploads\/2022\/09\/CHESTEGraffitea_VisitaRius6.jpg\" alt=\"\" class=\"wp-image-168917\" srcset=\"https:\/\/www.tucomarca.com\/wordpress\/segunda\/wp-content\/uploads\/2022\/09\/CHESTEGraffitea_VisitaRius6.jpg 886w, https:\/\/www.tucomarca.com\/wordpress\/segunda\/wp-content\/uploads\/2022\/09\/CHESTEGraffitea_VisitaRius6-300x200.jpg 300w, https:\/\/www.tucomarca.com\/wordpress\/segunda\/wp-content\/uploads\/2022\/09\/CHESTEGraffitea_VisitaRius6-768x512.jpg 768w\" sizes=\"auto, (max-width: 886px) 100vw, 886px\" \/><\/figure>\n\n\n\n<figure class=\"wp-block-image size-large\"><img loading=\"lazy\" decoding=\"async\" width=\"886\" height=\"591\" data-id=\"168915\" src=\"http:\/\/www.tucomarca.com\/wordpress\/segunda\/wp-content\/uploads\/2022\/09\/CHESTEGraffitea_VisitaRius5.jpg\" alt=\"\" class=\"wp-image-168915\" srcset=\"https:\/\/www.tucomarca.com\/wordpress\/segunda\/wp-content\/uploads\/2022\/09\/CHESTEGraffitea_VisitaRius5.jpg 886w, https:\/\/www.tucomarca.com\/wordpress\/segunda\/wp-content\/uploads\/2022\/09\/CHESTEGraffitea_VisitaRius5-300x200.jpg 300w, https:\/\/www.tucomarca.com\/wordpress\/segunda\/wp-content\/uploads\/2022\/09\/CHESTEGraffitea_VisitaRius5-768x512.jpg 768w\" sizes=\"auto, (max-width: 886px) 100vw, 886px\" \/><\/figure>\n\n\n\n<figure class=\"wp-block-image size-large\"><img loading=\"lazy\" decoding=\"async\" width=\"886\" height=\"591\" data-id=\"168919\" src=\"http:\/\/www.tucomarca.com\/wordpress\/segunda\/wp-content\/uploads\/2022\/09\/CHESTEGraffitea_VisitaRius7.jpg\" alt=\"\" class=\"wp-image-168919\" srcset=\"https:\/\/www.tucomarca.com\/wordpress\/segunda\/wp-content\/uploads\/2022\/09\/CHESTEGraffitea_VisitaRius7.jpg 886w, https:\/\/www.tucomarca.com\/wordpress\/segunda\/wp-content\/uploads\/2022\/09\/CHESTEGraffitea_VisitaRius7-300x200.jpg 300w, https:\/\/www.tucomarca.com\/wordpress\/segunda\/wp-content\/uploads\/2022\/09\/CHESTEGraffitea_VisitaRius7-768x512.jpg 768w\" sizes=\"auto, (max-width: 886px) 100vw, 886px\" \/><\/figure>\n\n\n\n<figure class=\"wp-block-image size-large\"><img loading=\"lazy\" decoding=\"async\" width=\"886\" height=\"591\" data-id=\"168913\" src=\"http:\/\/www.tucomarca.com\/wordpress\/segunda\/wp-content\/uploads\/2022\/09\/CHESTEGraffitea_VisitaRius4.jpg\" alt=\"\" class=\"wp-image-168913\" srcset=\"https:\/\/www.tucomarca.com\/wordpress\/segunda\/wp-content\/uploads\/2022\/09\/CHESTEGraffitea_VisitaRius4.jpg 886w, https:\/\/www.tucomarca.com\/wordpress\/segunda\/wp-content\/uploads\/2022\/09\/CHESTEGraffitea_VisitaRius4-300x200.jpg 300w, https:\/\/www.tucomarca.com\/wordpress\/segunda\/wp-content\/uploads\/2022\/09\/CHESTEGraffitea_VisitaRius4-768x512.jpg 768w\" sizes=\"auto, (max-width: 886px) 100vw, 886px\" \/><\/figure>\n\n\n\n<figure class=\"wp-block-image size-large\"><img loading=\"lazy\" decoding=\"async\" width=\"886\" height=\"591\" data-id=\"168911\" src=\"http:\/\/www.tucomarca.com\/wordpress\/segunda\/wp-content\/uploads\/2022\/09\/CHESTEGraffitea_VisitaRius3.jpg\" alt=\"\" class=\"wp-image-168911\" srcset=\"https:\/\/www.tucomarca.com\/wordpress\/segunda\/wp-content\/uploads\/2022\/09\/CHESTEGraffitea_VisitaRius3.jpg 886w, https:\/\/www.tucomarca.com\/wordpress\/segunda\/wp-content\/uploads\/2022\/09\/CHESTEGraffitea_VisitaRius3-300x200.jpg 300w, https:\/\/www.tucomarca.com\/wordpress\/segunda\/wp-content\/uploads\/2022\/09\/CHESTEGraffitea_VisitaRius3-768x512.jpg 768w\" sizes=\"auto, (max-width: 886px) 100vw, 886px\" \/><\/figure>\n\n\n\n<figure class=\"wp-block-image size-large\"><img loading=\"lazy\" decoding=\"async\" width=\"886\" height=\"591\" data-id=\"168909\" src=\"http:\/\/www.tucomarca.com\/wordpress\/segunda\/wp-content\/uploads\/2022\/09\/CHESTEGraffitea_VisitaRius2.jpg\" alt=\"\" class=\"wp-image-168909\" srcset=\"https:\/\/www.tucomarca.com\/wordpress\/segunda\/wp-content\/uploads\/2022\/09\/CHESTEGraffitea_VisitaRius2.jpg 886w, https:\/\/www.tucomarca.com\/wordpress\/segunda\/wp-content\/uploads\/2022\/09\/CHESTEGraffitea_VisitaRius2-300x200.jpg 300w, https:\/\/www.tucomarca.com\/wordpress\/segunda\/wp-content\/uploads\/2022\/09\/CHESTEGraffitea_VisitaRius2-768x512.jpg 768w\" sizes=\"auto, (max-width: 886px) 100vw, 886px\" \/><\/figure>\n<\/figure>\n\n\n\n<p>Aquest mat\u00ed, la regidora de Cultura, M\u00aa \u00c1ngeles Llorente, ha rebut a Xest al Diputat de l&#8217;\u00e0rea de Cultura a Val\u00e8ncia, Xavier Rius, per a realitzar un recorregut per alguns dels murals de Graffitea Xest i donar a con\u00e9ixer in situ la traject\u00f2ria d&#8217;aquest Festival Internacional d&#8217;Art Urb\u00e0. Durant la ruta, els han acompanyat els regidors David Pujals i Jos\u00e9 Vicente Guijarro i el muralista valenci\u00e0 i director del Festival, Jos\u00e9 Antonio Espinar.<br>\u201cFa uns mesos vam mantindre una reuni\u00f3 en Diputaci\u00f3 per a donar a con\u00e9ixer Graffitea Xest i d&#8217;ac\u00ed va sorgir la idea de fer aquesta visita. Agra\u00efm profundament el suport del diputat de Cultura a aquesta aposta cultural, que \u00e9s molt important per a nosaltres i que considerem de gran valor, tant cultural com educatiu. Amb aquests murals Xest no \u00e9s el mateix que era abans; sens dubte ha canviat l&#8217;est\u00e8tica del poble, que ara compta amb un nou atractiu cultural i que, a m\u00e9s, forma part de la Xarxa de Centres d&#8217;Art&nbsp; Contemporani&nbsp;en l&#8217;Entorn Rural, promoguda per l&#8217;Ag\u00e8ncia Valenciana de Turisme de la Generalitat Valenciana\u201d, ha explicat Llorente.<br>Per part seua, Rius s&#8217;ha mostrat sorpr\u00e9s per la traject\u00f2ria de festival, per la gran quantitat de murals i la seua qualitat art\u00edstica. \u201cEstic sorpr\u00e9s, perqu\u00e8 a m\u00e9s de que tots els murals s\u00f3n de gran nivell, Xest compta amb una gran quantitat d&#8217;ells. D&#8217;altra banda, he pogut veure com amb aquest projecte s&#8217;ha treballat per a vincular art i educaci\u00f3: hem visitat les intervencions art\u00edstiques que hi ha en l&#8217;institut i crec que \u00e9s una meravella que l&#8217;alumnat tinga aquests murals a la vista. Sens dubte el projecte compleix l&#8217;objectiu de conscienciaci\u00f3 i d&#8217;estimular la imaginaci\u00f3 i l&#8217;esperit cr\u00edtic. \u00c9s un projecte fabul\u00f3s del qual Xest ha d&#8217;estar orgull\u00f3s\u201d, ha manifestat.<br>Graffitea Xest compta amb set edicions a l&#8217;esquena i des de la regidoria de Cultura de l&#8217;Ajuntament de Xest ja s&#8217;estan realitzant els preparatius de l&#8217;octava, que es realitzar\u00e0 al maig de 2023. \u201cQuan M\u00aa \u00c1ngeles va posar sobre la taula tot el que estaven fent amb aquest festival d&#8217;art, vam voler vindre a con\u00e9ixer-lo en persona. A m\u00e9s, des de la Diputaci\u00f3 ens vam comprometre a estudiar la possibilitat de realitzar un documental sobre l&#8217;art urb\u00e0, que esperem poder posar en marxa l&#8217;any vinent\u201d, ha declarat el diputat. \u201cDes de la Diputaci\u00f3 sempre estem amb l&#8217;expectativa posada en aquelles iniciatives culturals, singulars i d&#8217;\u00e8xit que servisquen d&#8217;exemple i refer\u00e8ncia per a incentivar l&#8217;originalitat i la imaginaci\u00f3 en les pol\u00edtiques culturals dels ajuntaments, com \u00e9s el cas de Graffitea Xest. El que busca la ciutadania d&#8217;un poble \u00e9s estar orgullosa d&#8217;alguna cosa que li identifique i, si \u00e9s un aspecte cultural, molt millor; i tamb\u00e9 buscar un atractiu per als pobles ve\u00efns o per al turisme. En aquest sentit, aquest projecte cultural ja est\u00e0 agafant una for\u00e7a considerable i apunta a tindre bona projecci\u00f3 de futur\u201d.<\/p>\n","protected":false},"excerpt":{"rendered":"<div class=\"mh-excerpt\">Aquest mat\u00ed, la regidora de Cultura, M\u00aa \u00c1ngeles Llorente, ha rebut a Xest al Diputat de l&#8217;\u00e0rea de Cultura a Val\u00e8ncia, Xavier Rius, per a realitzar un recorregut per alguns dels murals de Graffitea Xest <a class=\"mh-excerpt-more\" href=\"https:\/\/www.tucomarca.com\/wordpress\/segunda\/ca\/graffitea-xest-rep-la-visita-del-diputat-de-larea-de-cultura-xavier-rius\/\" title=\"Graffitea Xest rep la visita del diputat de l&#8217;\u00e0rea de Cultura, Xavier Rius&nbsp;\">[+] <\/a><\/div>\n","protected":false},"author":12,"featured_media":168908,"comment_status":"open","ping_status":"open","sticky":false,"template":"","format":"gallery","meta":{"footnotes":""},"categories":[10894,10912,11007,11063,10947,10896,10974],"tags":[11071,11246,16255,10914,17932],"class_list":{"0":"post-168922","1":"post","2":"type-post","3":"status-publish","4":"format-gallery","5":"has-post-thumbnail","7":"category-la-comarca-ca","8":"category-la-hoya-ca","9":"category-ocio-y-cultura-ca","10":"category-pintura-ca","11":"category-politica","12":"category-seccion-ca","13":"category-cheste-ca","14":"tag-cheste","15":"tag-diputacio-de-valencia-ca","16":"tag-graffitea-2022-ca","17":"tag-la-hoya-de-bunol-chiva-ca","18":"tag-xavier-rius-ca","19":"post_format-post-format-gallery"},"_links":{"self":[{"href":"https:\/\/www.tucomarca.com\/wordpress\/segunda\/ca\/wp-json\/wp\/v2\/posts\/168922","targetHints":{"allow":["GET"]}}],"collection":[{"href":"https:\/\/www.tucomarca.com\/wordpress\/segunda\/ca\/wp-json\/wp\/v2\/posts"}],"about":[{"href":"https:\/\/www.tucomarca.com\/wordpress\/segunda\/ca\/wp-json\/wp\/v2\/types\/post"}],"author":[{"embeddable":true,"href":"https:\/\/www.tucomarca.com\/wordpress\/segunda\/ca\/wp-json\/wp\/v2\/users\/12"}],"replies":[{"embeddable":true,"href":"https:\/\/www.tucomarca.com\/wordpress\/segunda\/ca\/wp-json\/wp\/v2\/comments?post=168922"}],"version-history":[{"count":0,"href":"https:\/\/www.tucomarca.com\/wordpress\/segunda\/ca\/wp-json\/wp\/v2\/posts\/168922\/revisions"}],"wp:featuredmedia":[{"embeddable":true,"href":"https:\/\/www.tucomarca.com\/wordpress\/segunda\/ca\/wp-json\/wp\/v2\/media\/168908"}],"wp:attachment":[{"href":"https:\/\/www.tucomarca.com\/wordpress\/segunda\/ca\/wp-json\/wp\/v2\/media?parent=168922"}],"wp:term":[{"taxonomy":"category","embeddable":true,"href":"https:\/\/www.tucomarca.com\/wordpress\/segunda\/ca\/wp-json\/wp\/v2\/categories?post=168922"},{"taxonomy":"post_tag","embeddable":true,"href":"https:\/\/www.tucomarca.com\/wordpress\/segunda\/ca\/wp-json\/wp\/v2\/tags?post=168922"}],"curies":[{"name":"wp","href":"https:\/\/api.w.org\/{rel}","templated":true}]}}